{"id":104,"date":"2025-02-12T21:29:22","date_gmt":"2025-02-12T21:29:22","guid":{"rendered":"https:\/\/www.vtestonarov.cz\/?p=104"},"modified":"2025-02-12T21:29:22","modified_gmt":"2025-02-12T21:29:22","slug":"dopis-starosty-obce-brzkov-pro-obce-stonarov-sucha-a-otin","status":"publish","type":"post","link":"https:\/\/www.vtestonarov.cz\/index.php\/2025\/02\/12\/dopis-starosty-obce-brzkov-pro-obce-stonarov-sucha-a-otin\/","title":{"rendered":"Dopis starosty obce Brzkov pro obce Stona\u0159ov, Such\u00e1 a Ot\u00edn"},"content":{"rendered":"\n<figure class=\"wp-block-image size-full\"><img loading=\"lazy\" decoding=\"async\" width=\"437\" height=\"142\" src=\"https:\/\/www.vtestonarov.cz\/wp-content\/uploads\/2025\/02\/476376046_122099794664766999_2390283901952320666_n.jpg\" alt=\"\" class=\"wp-image-105\" srcset=\"https:\/\/www.vtestonarov.cz\/wp-content\/uploads\/2025\/02\/476376046_122099794664766999_2390283901952320666_n.jpg 437w, https:\/\/www.vtestonarov.cz\/wp-content\/uploads\/2025\/02\/476376046_122099794664766999_2390283901952320666_n-300x97.jpg 300w\" sizes=\"auto, (max-width: 437px) 100vw, 437px\" \/><\/figure>\n\n\n\n<p>V\u00e1\u017een\u00fd pane starosto,<\/p>\n\n\n\n<p>obrac\u00edm se na V\u00e1s jako ob\u010dan a z\u00e1rove\u0148 jako starosta obce Brzkov s hlubok\u00fdm znepokojen\u00edm nad pl\u00e1novanou v\u00fdstavbou v\u011btrn\u00fdch elektr\u00e1ren jak ve Va\u0161em, tak i na\u0161em okol\u00ed. Na\u0161e zku\u0161enosti se stavbou v\u011btrn\u00fdch elektr\u00e1ren jsou bohat\u00e9, proto\u017ee n\u00e1m zde dv\u011b elektr\u00e1rny stoj\u00ed od roku 2009 na sousedn\u00edm katastru obce V\u011b\u017enice.<\/p>\n\n\n\n<p>V <a><\/a>na\u0161\u00ed obci Brzkov m\u00e1me investory pro stavby t\u011bchto v\u011btrn\u00fdch elektr\u00e1ren, konkr\u00e9tn\u011b (\u010cEZ, PRE &#8211; WEB V\u011aTRN\u00c1 ENERGIE, ENVYS, MERIDIAN, JIPOCAR), v\u010detn\u011b nab\u00eddek finan\u010dn\u00edch bonus\u016f. Zastupitelstvo obce Brzkov i p\u0159es tyto nab\u00eddky p\u0159ijalo usnesen\u00ed, \u017ee na na\u0161em katastru \u017e\u00e1dn\u00e9 takov\u00e9to za\u0159\u00edzen\u00ed nechceme. Je n\u00e1m jasn\u00e9, \u017ee investo\u0159i pot\u0159ebuj\u00ed lokalitu, kde je v\u011btrno, ale jejich z\u00e1jem nen\u00ed v souladu s pot\u0159ebami a pohodou ob\u010dan\u016f, kte\u0159\u00ed zde \u017eij\u00ed. N\u00e1tlak na majitele pozemk\u016f je velk\u00fd proto\u017ee pen\u00edze na pozemku kde by m\u011bla st\u00e1t v\u011btrn\u00e1 elektr\u00e1rna jsou velk\u00e9 cca od 150 tis do 200 tis rok a toho si je majitel v\u011bdom proto\u017ee od zem\u011bd\u011blce dost\u00e1v\u00e1 cca 5000 K\u010d za pron\u00e1jem 1 Ha a to u\u017e je rozd\u00edl tud\u00ed\u017e je i tlak na zastupitelstvo ze strany n\u011bkter\u00fdch ob\u010dan\u016f a majitel\u016f kte\u0159\u00ed v\u011bd\u00ed \u017ee zrovna na jeho pozemku by m\u011bla v\u011btrn\u00e1 elektr\u00e1rna st\u00e1t.<\/p>\n\n\n\n<p>V\u00fdstavba jedn\u00e9 v\u011btrn\u00e9 elektr\u00e1rny, s v\u00fd\u0161kou 250 metr\u016f a v\u00fdkonem 7,2 MW, stoj\u00ed p\u0159ibli\u017en\u011b 150 milion\u016f K\u010d. Na v\u0161ech besed\u00e1ch s ob\u010dany se objevuj\u00ed slova, \u017ee ob\u010dan zde bude m\u00edt levn\u011bj\u0161\u00ed elekt\u0159inu v lokalit\u011b, kde to bude st\u00e1t v katastr\u00e1ln\u00edm \u00fazem\u00ed dot\u010den\u00e9 obce. Nicm\u00e9n\u011b ne\u0159eknou to podstatn\u00e9, \u017ee stavbu si nechaj\u00ed podpo\u0159it dotac\u00ed 80 milion\u016f K\u010d na jednu elektr\u00e1rnu. T\u00edmto krokem se ,ale zavazuj\u00ed ve\u0161kerou elekt\u0159inu vyrobenou z obnoviteln\u00fdch zdroj\u016f p\u0159enechat na burzu do Evropsk\u00e9 unie, tud\u00ed\u017e ob\u010dan\u00e9 dan\u00e9 obce, kde za\u0159\u00edzen\u00ed stoj\u00ed, nemaj\u00ed z toho \u017e\u00e1dn\u00fd p\u0159\u00edm\u00fd prosp\u011bch. Pen\u00edze, kter\u00e9 nab\u00edzej\u00ed obc\u00edm, jsou v\u00fdsm\u011bchem pro v\u0161echny \u2013 m\u00e1me nab\u00eddky od 500 000 &#8211; 1 200 000 K\u010d do rozpo\u010dtu obce za jednu v\u011btrnou elektr\u00e1rnu. Ale za ten pohled, kdy n\u00e1m zde m\u00e1 vzniknout v\u00edce ne\u017e 40 v\u011btrn\u00fdch elektr\u00e1ren, n\u00e1m to nestoj\u00ed za to. N\u011bkter\u00e9 obce v na\u0161em okol\u00ed u\u017e podepsaly smlouvy o spolupr\u00e1ci, ale kdy\u017e na tyto smlouvy ud\u011bl\u00e1te pr\u00e1vn\u00ed rozbor, zjist\u00edte, \u017ee nejsou v\u00fdhodn\u00e9 pro obec.<\/p>\n\n\n\n<p>Ovlivn\u011bn\u00ed teploty &#8211; viz p\u0159\u00edloha &#8211; Studie z Texasu a dal\u0161\u00edch oblast\u00ed ukazuj\u00ed, \u017ee v\u011btrn\u00e9 elektr\u00e1rny mohou zm\u011bnit lok\u00e1ln\u00ed teplotn\u00ed podm\u00ednky. Turb\u00edny m\u011bn\u00ed proud\u011bn\u00ed vzduchu, co\u017e m\u016f\u017ee zp\u016fsobit, \u017ee se teplota v noci zvy\u0161uje a ve dne sni\u017euje, co\u017e naru\u0161uje tradi\u010dn\u00ed klimatick\u00e9 vzorce.<\/p>\n\n\n\n<p>Sn\u00ed\u017een\u00ed sr\u00e1\u017eek- Zem\u011bd\u011blci maj\u00edc\u00ed polnosti v okol\u00ed v\u011btrn\u00fdch elektr\u00e1ren hl\u00e1s\u00ed sn\u00ed\u017een\u00ed pr\u016fm\u011brn\u00e9ho mno\u017estv\u00ed sr\u00e1\u017eek, co\u017e m\u00e1 p\u0159\u00edm\u00fd ekonomick\u00fd dopad na jejich hospoda\u0159en\u00ed. Tento fenom\u00e9n m\u016f\u017ee b\u00fdt spojen s t\u00edm, \u017ee v\u011btrn\u00e9 elektr\u00e1rny m\u011bn\u00ed proud\u011bn\u00ed vzduchu a tvorbu mrak\u016f, tud\u00ed\u017e maj\u00ed men\u0161\u00ed vydatnost p\u0159i sklizni plodin, kterou jim nikdo nechce a nebude kompenzovat.<\/p>\n\n\n\n<p>Naru\u0161en\u00ed krajinn\u00e9ho r\u00e1zu a pokles hodnoty nemovitost\u00ed<\/p>\n\n\n\n<p>Estetick\u00fd vliv-V\u011btrn\u00e9 elektr\u00e1rny, zejm\u00e9na ve velk\u00fdch po\u010dtech, dramaticky m\u011bn\u00ed krajinn\u00fd r\u00e1z. To m\u016f\u017ee v\u00e9st k tomu, \u017ee region ztr\u00e1c\u00ed na atraktivit\u011b pro turisty, co\u017e m\u00e1 negativn\u00ed dopad na m\u00edstn\u00ed ekonomiku.<\/p>\n\n\n\n<p>Pokles hodnoty nemovitost\u00ed- Studie v N\u011bmecku ukazuj\u00ed, \u017ee ceny nemovitost\u00ed v bl\u00edzkosti v\u011btrn\u00fdch elektr\u00e1ren mohou klesnout a\u017e o 7,1 % v okruhu 1 km. To m\u00e1 p\u0159\u00edm\u00fd dopad na ekonomick\u00e9 zdrav\u00ed ob\u010dan\u016f, kte\u0159\u00ed by mohli cht\u00edt prodat sv\u016fj majetek.<\/p>\n\n\n\n<p>Dal\u0161\u00ed negativn\u00ed aspekty &#8211; Ekologick\u00e9 riziko p\u0159i likvidaci<\/p>\n\n\n\n<p>Po skon\u010den\u00ed \u017eivotnosti v\u011btrn\u00fdch elektr\u00e1ren (cca 20-30 let) je jejich odstra\u0148ov\u00e1n\u00ed n\u00e1kladn\u00e9 a ekologicky n\u00e1ro\u010dn\u00e9. Materi\u00e1ly jako sklolamin\u00e1t, kter\u00fd se pou\u017e\u00edv\u00e1 na lopatky, nejsou snadno recyklovateln\u00e9, co\u017e m\u016f\u017ee zanechat ekologickou stopu.<\/p>\n\n\n\n<p>Infrastruktura a doprava- V\u00fdstavba v\u011btrn\u00fdch elektr\u00e1ren vy\u017eaduje rozs\u00e1hlou dopravn\u00ed infrastrukturu, kter\u00e1 m\u016f\u017ee b\u00fdt problematick\u00e1 v mal\u00fdch obc\u00edch, kde neexistuje adekv\u00e1tn\u00ed p\u0159\u00edstupov\u00e1 cesta.<\/p>\n\n\n\n<p>V\u00fdzva k otev\u0159en\u00e9 diskuzi- Vzhledem k t\u011bmto fakt\u016fm V\u00e1s \u017e\u00e1d\u00e1m o otev\u0159enou a transparentn\u00ed diskuzi s ob\u010dany na toto t\u00e9ma. Je nezbytn\u00e9, aby byly zv\u00e1\u017eeny v\u0161echny potenci\u00e1ln\u00ed dopady nejen rozhodnut\u00ed starosty a zastupitel\u016f dan\u00e9 obce, ale aby m\u011bli va\u0161i obyvatel\u00e9 mo\u017enost vyj\u00e1d\u0159it sv\u00e9 n\u00e1zory a obavy. Navrhuji V\u00e1m uspo\u0159\u00e1dat ve\u0159ejn\u00e9 setk\u00e1n\u00ed pop\u0159\u00edpad\u011b referendum kter\u00e9 je z\u00e1vazn\u00e9 , kde by mohly b\u00fdt prezentov\u00e1ny jak argumenty pro, tak proti v\u00fdstavb\u011b v\u011btrn\u00fdch elektr\u00e1ren, a kde by byla mo\u017enost kl\u00e1st ot\u00e1zky a diskutovat o tomto d\u016fle\u017eit\u00e9m t\u00e9matu kter\u00e9 ovlivn\u00ed obce a generace ob\u010dan\u016f po des\u00edtky let.<\/p>\n\n\n\n<p>Nejen Kraj Vyso\u010dina u\u017e to m\u00e1 v n\u00e1zvu \u017ee je to pohledn\u00fd kraj s nenaru\u0161enou krajinou v srdci \u010desk\u00e9 republiky nenechme si ho vz\u00edt developery a jedinci kte\u0159\u00ed si z obc\u00ed a ob\u010dan\u016f ud\u011blaj\u00ed byznys pro sebe.<\/p>\n\n\n\n<p>Va\u0161e obec, m\u011bsto je hezk\u00e9 v srdci \u010ceskomoravsk\u00e9 vyso\u010diny, zasazen\u00e1 do scen\u00e9rie p\u0159\u00edrodn\u00edch kr\u00e1s dosud nep\u0159\u00edli\u0161 poznamenan\u00e1 soudobou civiliza\u010dn\u00ed vlnou , nab\u00edzej\u00edc\u00ed pohodu a klid v\u0161em m\u00edstn\u00edm obyvatel\u016fm i n\u00e1v\u0161t\u011bvn\u00edk\u016fm m\u00edsto s d\u00e1vnou a bohatou histori\u00ed, kde lid\u00e9 uchov\u00e1vaj\u00ed \u00factu k odkazu sv\u00fdch p\u0159edk\u016f, kde dodr\u017euj\u00ed tradice, p\u011bstuj\u00ed kulturu a sport, kde si chr\u00e1n\u00ed a budou chr\u00e1nit nenaru\u0161en\u00fd r\u00e1z a sou\u010dasn\u00fd stav krajiny. Av\u0161ak \u010ceskomoravsk\u00e1 vyso\u010dina z\u00e1rove\u0148 je to i lokalita, kde by v\u0161echny tyto v\u00fd\u0161e zm\u00edn\u011bn\u00e9 atributy mohly b\u00fdt n\u00e1siln\u011b a nen\u00e1vratn\u011b degradov\u00e1ny; kde by byl v\u0161em m\u00edstn\u00edm obyvatel\u016fm, ale nejen jim, na mnoho let naru\u0161en \u017eivotn\u00ed styl, kde by byla zni\u010dena podstatn\u00e1 \u010d\u00e1st katastr\u00e1ln\u00edho \u00fazem\u00ed v\u010detn\u011b fauny a fl\u00f3ry, pakli\u017ee by se v\u0161ude postavily v\u011btrn\u00e9 elektr\u00e1rny.<\/p>\n\n\n\n<p>D\u011bkuji V\u00e1m za pozornost v\u011bnovanou tomuto emailu. N\u00ed\u017ee nech\u00e1v\u00e1m odkazy a p\u0159\u00edlohy i na \u010dl\u00e1nky novin\u00e1\u0159\u016f den\u00edk\u016f s argumenty nejen v na\u0161\u00ed lokalit\u011b. V\u011b\u0159\u00edm, \u017ee spole\u010dn\u011b najdeme \u0159e\u0161en\u00ed, kter\u00e9 bude v nejlep\u0161\u00edm z\u00e1jmu na\u0161\u00ed i Va\u0161\u00ed obce a jej\u00edch obyvatel.<\/p>\n\n\n\n<p>S \u00factou,<\/p>\n\n\n\n<p>Ale\u0161 Bo\u0159il<\/p>\n\n\n\n<p>Starosta obce Brzkov<\/p>\n\n\n\n<p>&#8212;&#8212;&#8212;&#8212;&#8212;&#8212;&#8212;&#8212;-<\/p>\n\n\n\n<p><a href=\"https:\/\/jihlavsky.denik.cz\/...\/nove-vetrne-elektrarny...\">https:\/\/jihlavsky.denik.cz\/&#8230;\/nove-vetrne-elektrarny&#8230;<\/a><\/p>\n\n\n\n<p><a href=\"https:\/\/jihlavsky.denik.cz\/...\/vetrne-elektrarny...\">https:\/\/jihlavsky.denik.cz\/&#8230;\/vetrne-elektrarny&#8230;<\/a><\/p>\n\n\n\n<p><a href=\"https:\/\/www.nechcemevetrnouelektrarnu.cz\/dokumenty-a-zakony\">https:\/\/www.nechcemevetrnouelektrarnu.cz\/dokumenty-a-zakony<\/a><\/p>\n\n\n\n<p>B\u011b\u017e pry\u010d, sp\u00edlali na sch\u016fzi odp\u016frci v\u011btrn\u00edk\u016f \u0161\u00e9fovi jejich propag\u00e1tor\u016f &#8211; <a href=\"https:\/\/l.facebook.com\/l.php?u=http%3A%2F%2FiDNES.cz%2F&amp;h=AT0_6qXOPgqAGNkbE_zkubC4wPdydnPdBGVFf4VsvtfygmDw7JH5IBUQ7mCU5YCQzo6N431wo6-85toj1pc8R6pD2ytHUmAoeI7D78e6xrsw5tQNjijWS8XqDiwc8HRl7IuY&amp;h=AT0_6qXOPgqAGNkbE_zkubC4wPdydnPdBGVFf4VsvtfygmDw7JH5IBUQ7mCU5YCQzo6N431wo6-85toj1pc8R6pD2ytHUmAoeI7D78e6xrsw5tQNjijWS8XqDiwc8HRl7IuY&amp;__tn__=-UK-R&amp;c[0]=AT2zQoMwX_-79eKbJY2teZI3yIh5eFb13HoHN2mymIThBvJBr_krXz9nKilPH0PPIPO4Trc6z-72kwlmKK0tPCDrNmYORnmejBmJJnQLT3X7a3BlssfIm-ptANZbkUbCbOxoABRiAIgkyYa24D3eeqYOx9zfAfXpg-f-61cMjBrv3HzpPYY9hC-69uFu8QDqZR6q6wtQ88FZQxo\" rel=\"noreferrer noopener\" target=\"_blank\">iDNES.cz<\/a><\/p>\n\n\n\n<p>\u010cEZ chce u P\u0159ibyslavi stav\u011bt des\u00edtky v\u011btrn\u00fdch elektr\u00e1ren, v\u011bt\u0161ina obc\u00ed v\u00e1h\u00e1 &#8211; <a href=\"https:\/\/l.facebook.com\/l.php?u=http%3A%2F%2FiDNES.cz%2F&amp;h=AT0_6qXOPgqAGNkbE_zkubC4wPdydnPdBGVFf4VsvtfygmDw7JH5IBUQ7mCU5YCQzo6N431wo6-85toj1pc8R6pD2ytHUmAoeI7D78e6xrsw5tQNjijWS8XqDiwc8HRl7IuY&amp;h=AT0_6qXOPgqAGNkbE_zkubC4wPdydnPdBGVFf4VsvtfygmDw7JH5IBUQ7mCU5YCQzo6N431wo6-85toj1pc8R6pD2ytHUmAoeI7D78e6xrsw5tQNjijWS8XqDiwc8HRl7IuY&amp;__tn__=-UK-R&amp;c[0]=AT2zQoMwX_-79eKbJY2teZI3yIh5eFb13HoHN2mymIThBvJBr_krXz9nKilPH0PPIPO4Trc6z-72kwlmKK0tPCDrNmYORnmejBmJJnQLT3X7a3BlssfIm-ptANZbkUbCbOxoABRiAIgkyYa24D3eeqYOx9zfAfXpg-f-61cMjBrv3HzpPYY9hC-69uFu8QDqZR6q6wtQ88FZQxo\" rel=\"noreferrer noopener\" target=\"_blank\">iDNES.cz<\/a><\/p>\n\n\n\n<p>Tady v\u011btrn\u00edky nebudou, m\u016f\u017ee P\u0159ibyslav rozhodnout d\u00edky memorandu s \u010cEZ &#8211; <a href=\"https:\/\/l.facebook.com\/l.php?u=http%3A%2F%2FiDNES.cz%2F&amp;h=AT0_6qXOPgqAGNkbE_zkubC4wPdydnPdBGVFf4VsvtfygmDw7JH5IBUQ7mCU5YCQzo6N431wo6-85toj1pc8R6pD2ytHUmAoeI7D78e6xrsw5tQNjijWS8XqDiwc8HRl7IuY&amp;h=AT0_6qXOPgqAGNkbE_zkubC4wPdydnPdBGVFf4VsvtfygmDw7JH5IBUQ7mCU5YCQzo6N431wo6-85toj1pc8R6pD2ytHUmAoeI7D78e6xrsw5tQNjijWS8XqDiwc8HRl7IuY&amp;__tn__=-UK-R&amp;c[0]=AT2zQoMwX_-79eKbJY2teZI3yIh5eFb13HoHN2mymIThBvJBr_krXz9nKilPH0PPIPO4Trc6z-72kwlmKK0tPCDrNmYORnmejBmJJnQLT3X7a3BlssfIm-ptANZbkUbCbOxoABRiAIgkyYa24D3eeqYOx9zfAfXpg-f-61cMjBrv3HzpPYY9hC-69uFu8QDqZR6q6wtQ88FZQxo\" rel=\"noreferrer noopener\" target=\"_blank\">iDNES.cz<\/a><\/p>\n\n\n\n<p><img loading=\"lazy\" decoding=\"async\" height=\"16\" width=\"16\" alt=\"\u25b6\" src=\"https:\/\/static.xx.fbcdn.net\/images\/emoji.php\/v9\/t40\/1\/16\/25b6.png\"> Unik\u00e1tn\u00ed pohled do \u00fatrob v\u011btrn\u00edku. Nov\u00fdch se pl\u00e1nuj\u00ed des\u00edtky &#8211; <a href=\"https:\/\/l.facebook.com\/l.php?u=http%3A%2F%2FiDNES.cz%2F&amp;h=AT0_6qXOPgqAGNkbE_zkubC4wPdydnPdBGVFf4VsvtfygmDw7JH5IBUQ7mCU5YCQzo6N431wo6-85toj1pc8R6pD2ytHUmAoeI7D78e6xrsw5tQNjijWS8XqDiwc8HRl7IuY&amp;h=AT0_6qXOPgqAGNkbE_zkubC4wPdydnPdBGVFf4VsvtfygmDw7JH5IBUQ7mCU5YCQzo6N431wo6-85toj1pc8R6pD2ytHUmAoeI7D78e6xrsw5tQNjijWS8XqDiwc8HRl7IuY&amp;__tn__=-UK-R&amp;c[0]=AT2zQoMwX_-79eKbJY2teZI3yIh5eFb13HoHN2mymIThBvJBr_krXz9nKilPH0PPIPO4Trc6z-72kwlmKK0tPCDrNmYORnmejBmJJnQLT3X7a3BlssfIm-ptANZbkUbCbOxoABRiAIgkyYa24D3eeqYOx9zfAfXpg-f-61cMjBrv3HzpPYY9hC-69uFu8QDqZR6q6wtQ88FZQxo\" rel=\"noreferrer noopener\" target=\"_blank\">iDNES.cz<\/a><\/p>\n","protected":false},"excerpt":{"rendered":"<p>V\u00e1\u017een\u00fd pane starosto, obrac\u00edm se na V\u00e1s jako ob\u010dan a z\u00e1rove\u0148 jako starosta obce Brzkov s hlubok\u00fdm znepokojen\u00edm nad pl\u00e1novanou<\/p>\n","protected":false},"author":2,"featured_media":106,"comment_status":"open","ping_status":"open","sticky":false,"template":"","format":"standard","meta":{"footnotes":""},"categories":[10],"tags":[],"class_list":["post-104","post","type-post","status-publish","format-standard","has-post-thumbnail","hentry","category-informace"],"_links":{"self":[{"href":"https:\/\/www.vtestonarov.cz\/index.php\/wp-json\/wp\/v2\/posts\/104","targetHints":{"allow":["GET"]}}],"collection":[{"href":"https:\/\/www.vtestonarov.cz\/index.php\/wp-json\/wp\/v2\/posts"}],"about":[{"href":"https:\/\/www.vtestonarov.cz\/index.php\/wp-json\/wp\/v2\/types\/post"}],"author":[{"embeddable":true,"href":"https:\/\/www.vtestonarov.cz\/index.php\/wp-json\/wp\/v2\/users\/2"}],"replies":[{"embeddable":true,"href":"https:\/\/www.vtestonarov.cz\/index.php\/wp-json\/wp\/v2\/comments?post=104"}],"version-history":[{"count":1,"href":"https:\/\/www.vtestonarov.cz\/index.php\/wp-json\/wp\/v2\/posts\/104\/revisions"}],"predecessor-version":[{"id":107,"href":"https:\/\/www.vtestonarov.cz\/index.php\/wp-json\/wp\/v2\/posts\/104\/revisions\/107"}],"wp:featuredmedia":[{"embeddable":true,"href":"https:\/\/www.vtestonarov.cz\/index.php\/wp-json\/wp\/v2\/media\/106"}],"wp:attachment":[{"href":"https:\/\/www.vtestonarov.cz\/index.php\/wp-json\/wp\/v2\/media?parent=104"}],"wp:term":[{"taxonomy":"category","embeddable":true,"href":"https:\/\/www.vtestonarov.cz\/index.php\/wp-json\/wp\/v2\/categories?post=104"},{"taxonomy":"post_tag","embeddable":true,"href":"https:\/\/www.vtestonarov.cz\/index.php\/wp-json\/wp\/v2\/tags?post=104"}],"curies":[{"name":"wp","href":"https:\/\/api.w.org\/{rel}","templated":true}]}}