{"id":108,"date":"2025-02-12T21:37:00","date_gmt":"2025-02-12T21:37:00","guid":{"rendered":"https:\/\/www.vtestonarov.cz\/?p=108"},"modified":"2025-02-12T21:37:00","modified_gmt":"2025-02-12T21:37:00","slug":"vyjadreni-dotcenych-uradu-k-zameru-vystavby-vetrnych-elektraren-u-stonarova","status":"publish","type":"post","link":"https:\/\/www.vtestonarov.cz\/index.php\/2025\/02\/12\/vyjadreni-dotcenych-uradu-k-zameru-vystavby-vetrnych-elektraren-u-stonarova\/","title":{"rendered":"Vyj\u00e1d\u0159en\u00ed dot\u010den\u00fdch \u00fa\u0159ad\u016f k z\u00e1m\u011bru v\u00fdstavby v\u011btrn\u00fdch elektr\u00e1ren u Stona\u0159ova"},"content":{"rendered":"\n<p>Vyj\u00e1d\u0159en\u00ed dot\u010den\u00fdch \u00fa\u0159ad\u016f k z\u00e1m\u011bru v\u00fdstavby v\u011btrn\u00fdch elektr\u00e1ren u Stona\u0159ova &#8211; v dokumentu na str. 16 -18.<\/p>\n\n\n\n<p>cel\u00fd dokument:<\/p>\n\n\n\n<p><a href=\"https:\/\/acrobat.adobe.com\/id\/urn:aaid:sc:EU:eba73a42-7128-4941-806a-f2b87e7b3ae1?fbclid=IwY2xjawIZ8ltleHRuA2FlbQIxMAABHRuaS9u30ajENQA0jtUs2ULfm4fzzfSZ4Z0ELScCQIRBLNhtXzde1jkabQ_aem_pBDIfbwmWUl4JR_EtihzWQ\">https:\/\/acrobat.adobe.com\/id\/urn:aaid:sc:EU:eba73a42-7128-4941-806a-f2b87e7b3ae1?fbclid=IwY2xjawIZ8ltleHRuA2FlbQIxMAABHRuaS9u30ajENQA0jtUs2ULfm4fzzfSZ4Z0ELScCQIRBLNhtXzde1jkabQ_aem_pBDIfbwmWUl4JR_EtihzWQ<\/a><\/p>\n\n\n<div class=\"wp-block-image\">\n<figure class=\"aligncenter size-full is-resized\"><img loading=\"lazy\" decoding=\"async\" width=\"371\" height=\"543\" src=\"https:\/\/www.vtestonarov.cz\/wp-content\/uploads\/2025\/02\/WhatsApp-Image-2025-02-12-at-22.14.08.jpeg\" alt=\"\" class=\"wp-image-109\" style=\"width:685px;height:auto\" srcset=\"https:\/\/www.vtestonarov.cz\/wp-content\/uploads\/2025\/02\/WhatsApp-Image-2025-02-12-at-22.14.08.jpeg 371w, https:\/\/www.vtestonarov.cz\/wp-content\/uploads\/2025\/02\/WhatsApp-Image-2025-02-12-at-22.14.08-205x300.jpeg 205w\" sizes=\"auto, (max-width: 371px) 100vw, 371px\" \/><\/figure>\n<\/div>","protected":false},"excerpt":{"rendered":"<p>Vyj\u00e1d\u0159en\u00ed dot\u010den\u00fdch \u00fa\u0159ad\u016f k z\u00e1m\u011bru v\u00fdstavby v\u011btrn\u00fdch elektr\u00e1ren u Stona\u0159ova &#8211; v dokumentu na str. 16 -18. cel\u00fd dokument: https:\/\/acrobat.adobe.com\/id\/urn:aaid:sc:EU:eba73a42-7128-4941-806a-f2b87e7b3ae1?fbclid=IwY2xjawIZ8ltleHRuA2FlbQIxMAABHRuaS9u30ajENQA0jtUs2ULfm4fzzfSZ4Z0ELScCQIRBLNhtXzde1jkabQ_aem_pBDIfbwmWUl4JR_EtihzWQ<\/p>\n","protected":false},"author":2,"featured_media":110,"comment_status":"open","ping_status":"open","sticky":false,"template":"","format":"standard","meta":{"footnotes":""},"categories":[10],"tags":[],"class_list":["post-108","post","type-post","status-publish","format-standard","has-post-thumbnail","hentry","category-informace"],"_links":{"self":[{"href":"https:\/\/www.vtestonarov.cz\/index.php\/wp-json\/wp\/v2\/posts\/108","targetHints":{"allow":["GET"]}}],"collection":[{"href":"https:\/\/www.vtestonarov.cz\/index.php\/wp-json\/wp\/v2\/posts"}],"about":[{"href":"https:\/\/www.vtestonarov.cz\/index.php\/wp-json\/wp\/v2\/types\/post"}],"author":[{"embeddable":true,"href":"https:\/\/www.vtestonarov.cz\/index.php\/wp-json\/wp\/v2\/users\/2"}],"replies":[{"embeddable":true,"href":"https:\/\/www.vtestonarov.cz\/index.php\/wp-json\/wp\/v2\/comments?post=108"}],"version-history":[{"count":1,"href":"https:\/\/www.vtestonarov.cz\/index.php\/wp-json\/wp\/v2\/posts\/108\/revisions"}],"predecessor-version":[{"id":111,"href":"https:\/\/www.vtestonarov.cz\/index.php\/wp-json\/wp\/v2\/posts\/108\/revisions\/111"}],"wp:featuredmedia":[{"embeddable":true,"href":"https:\/\/www.vtestonarov.cz\/index.php\/wp-json\/wp\/v2\/media\/110"}],"wp:attachment":[{"href":"https:\/\/www.vtestonarov.cz\/index.php\/wp-json\/wp\/v2\/media?parent=108"}],"wp:term":[{"taxonomy":"category","embeddable":true,"href":"https:\/\/www.vtestonarov.cz\/index.php\/wp-json\/wp\/v2\/categories?post=108"},{"taxonomy":"post_tag","embeddable":true,"href":"https:\/\/www.vtestonarov.cz\/index.php\/wp-json\/wp\/v2\/tags?post=108"}],"curies":[{"name":"wp","href":"https:\/\/api.w.org\/{rel}","templated":true}]}}