{"id":156,"date":"2025-03-01T23:13:48","date_gmt":"2025-03-01T23:13:48","guid":{"rendered":"https:\/\/www.vtestonarov.cz\/?p=156"},"modified":"2025-03-01T23:13:48","modified_gmt":"2025-03-01T23:13:48","slug":"zamysleni-nad-vte","status":"publish","type":"post","link":"https:\/\/www.vtestonarov.cz\/index.php\/2025\/03\/01\/zamysleni-nad-vte\/","title":{"rendered":"Zamy\u0161len\u00ed nad VTE"},"content":{"rendered":"\n<p>Jak to vid\u00edm j\u00e1&#8230;<\/p>\n\n\n\n<p>V posledn\u00edch dnech se u n\u00e1s v m\u011bstysi rozho\u0159ela obrovsk\u00e1 debata na t\u00e9ma v\u011btrn\u00fdch elektr\u00e1ren. Mluv\u00ed se o politika\u0159en\u00ed, dezinformac\u00edch, a v n\u011bkter\u00fdch p\u0159\u00edpadech dokonce i o konkuren\u010dn\u00edm boji.<\/p>\n\n\n\n<p>Na\u0161e rodina bydl\u00ed ve Stona\u0159ov\u011b p\u0159es dvacet let. P\u0159i v\u00fdb\u011bru lokality, kde zakotvit, byl Stona\u0159ov pro n\u00e1s jednou z t\u011bch nejlep\u0161\u00edch. Je tady kr\u00e1sn\u00e1 p\u0159\u00edroda, fajn lidi a celkov\u011b klid od ru\u0161iv\u00fdch vliv\u016f.<\/p>\n\n\n\n<p>V roce 2023 prob\u011bhla anketa, kter\u00e1 m\u011bla zmapovat ve\u0159ejn\u00e9 m\u00edn\u011bn\u00ed a n\u00e1zory <a><\/a>ob\u010dan\u016f na v\u00fdstavbu v\u011btrn\u00fdch elektr\u00e1ren v katastru m\u011bstyse. To slovo zmapovat pro mne (a mysl\u00edm, \u017ee i pro dost jin\u00fdch lid\u00ed) bylo podstatn\u00e9 a \u0159ekl jsem si: \u201eM\u011bstys d\u011bl\u00e1 pr\u016fzkum. A pro\u010d ne? Obnoviteln\u00e9 zdroje nejsou \u0161patn\u00e1 volba.\u201c Tak\u017ee jsem anketu pova\u017eoval za pr\u016fzkum a p\u0159edpokl\u00e1dal, \u017ee a\u017e se bude rozhodovat o stavb\u011b, zastupitel\u00e9 budou ob\u010dany informovat, jak to prob\u00edh\u00e1, p\u0159edstav\u00ed studie, z\u00e1v\u011bry instituc\u00ed, kter\u00e9 tento proces schvaluj\u00ed atd.<\/p>\n\n\n\n<p>\u010cas plynul d\u00e1l a najednou se v roce 2024 za\u010dalo pov\u00eddat o roz\u0161i\u0159ov\u00e1n\u00ed v\u011btrn\u00e9ho parku. To u\u017e jsem zbyst\u0159il a za\u010dal se o to v\u00edc zaj\u00edmat. Najednou za\u010dala vych\u00e1zet najevo spousta v\u011bc\u00ed a mn\u011b se to p\u0159estalo l\u00edbit. Je mi jedno, jestli postav\u00ed v\u011btrn\u00fd park firma Jipocar, \u010cEZ anebo rohat\u00fd \u010dert. Pokud ov\u0161em bude v\u0161e transparentn\u00ed a jasn\u00e9.<\/p>\n\n\n\n<p>Podle prozat\u00edmn\u00edch z\u00e1v\u011br\u016f z EIA nejsou schv\u00e1leny ani prvn\u00ed \u010dty\u0159i VTE a u\u017e hlasujeme o dal\u0161\u00edch? Nen\u00ed mo\u017en\u00e9, \u017ee po X letech m\u016f\u017ee firma investora zaniknout a b\u0159emeno VTE z\u016fstane na m\u011bstysi, co bude potom? Kdo bude zaji\u0161\u0165ovat revize, kontroly atd. A kdo bude nakonec platit tu zmi\u0148ovanou ekologickou likvidaci? I kdy\u017e vznikne jak\u00fdsi rezervn\u00ed fond, nen\u00ed jasn\u00e9, kolik v n\u011bm bude financ\u00ed a kolik bude likvidace st\u00e1t, kdy\u017e sklolamin\u00e1t z vrtul\u00ed je nebezpe\u010dn\u00fd odpad, kter\u00fd jen tak jednodu\u0161e zlikvidovat nejde.<\/p>\n\n\n\n<p>Odm\u011bna, kter\u00e1 je m\u011bstysi nab\u00edzena, je opravdu zanedbateln\u00e1 a \u0159adov\u00fd ob\u010dan nebude m\u00edt jako bonus nav\u00edc k fixn\u00ed odm\u011bn\u011b nap\u0159. tzv. komunitn\u00ed energii. Je sice slibov\u00e1na sleva na energie, ale ta je na anketn\u00edm l\u00edstku uv\u00e1d\u011bna pouze jako jedna z mo\u017enost\u00ed, kam sm\u011b\u0159ovat pen\u00edze utr\u017een\u00e9 za elektr\u00e1rny jako takov\u00e9. Mimochodem, zaji\u0161t\u011bn\u00ed skute\u010dn\u00e9 komunitn\u00ed energie je slo\u017eit\u00e9, ob\u010dan si mus\u00ed nechat p\u0159ed\u011blat za nemal\u00e9 finance elektrom\u011br atd.<\/p>\n\n\n\n<p>V neposledn\u00ed \u0159ad\u011b (za mne dost d\u016fle\u017eit\u00fd aspekt) je tu z\u00e1sah do krajiny. Stavby VTE ve voln\u00e9 krajin\u011b jsou stavbami, kter\u00e9 sv\u00fdmi rozm\u011bry p\u0159esahuj\u00ed p\u0159irozen\u00e1 m\u011b\u0159\u00edtka v krajin\u011b.<\/p>\n\n\n\n<p>Tak\u017ee u n\u00e1s ve Stona\u0159ov\u011b vyplouv\u00e1 na povrch spousta ot\u00e1zek, na kter\u00e9 oby\u010dejn\u00fd ob\u010dan nezn\u00e1 odpov\u011bdi a ani se jich pravd\u011bpodobn\u011b nedo\u010dk\u00e1.<\/p>\n\n\n\n<p>Proto jsem za\u010dal fandit a p\u0159ipojil jsem se k VTE Stona\u0159ov.<\/p>\n\n\n\n<p>Nen\u00ed mi lhostejn\u00e1 krajina, p\u0159\u00edroda ani financov\u00e1n\u00ed obce.<\/p>\n\n\n\n<p>V roce 2023 jsem naivn\u011b souhlasil s mo\u017enost\u00ed v\u00fdstavby, ale dnes u\u017e jsem absolutn\u011b proti.<\/p>\n\n\n\n<p>Zastupitelstvo by m\u011blo vylo\u017eit karty na st\u016fl a p\u0159iznat i chyby, kter\u00e9 p\u0159i vyjedn\u00e1v\u00e1n\u00ed nastaly, a za\u010d\u00edt pracovat na nov\u00fdch, transparentn\u00edch podm\u00ednk\u00e1ch.<\/p>\n\n\n\n<p>Jeliko\u017e dost pracovn\u011b cestuji, v\u00edm o lokalit\u00e1ch, kde cel\u00fd proces prob\u00edhal podobn\u011b. N\u00e1tlakov\u00e9 argumenty a fr\u00e1ze jako:<\/p>\n\n\n\n<p>\u201eKdy\u017e nebudou v\u011btrn\u00e9 elektr\u00e1rny ve va\u0161em katastru, tak budou u sousedn\u00ed obce, oni budou br\u00e1t pen\u00edze a vy na to budete jen koukat a nebudete z toho m\u00edt nic\u201c.<\/p>\n\n\n\n<p>\u201eKdy\u017e nebudou v\u011btrn\u00e9 elektr\u00e1rny, bude v\u00e1m zv\u00fd\u0161ena da\u0148 z nemovitost\u00ed, r\u016fzn\u00e9 poplatky atd.\u201c<\/p>\n\n\n\n<p>A jin\u00e9, ke kter\u00fdm se na\u0161e zastupitelstvo douf\u00e1m neuch\u00fdl\u00ed, nakolik si nemysl\u00edm, \u017ee by to nebyli inteligentn\u00ed lid\u00e9.<\/p>\n\n\n\n<p>A ve spoust\u011b obc\u00ed nakonec \u201eselsk\u00fd rozum\u201c, jak tady bylo u\u017e zmi\u0148ov\u00e1no, zv\u00edt\u011bzil, zastupitel\u00e9 pochopili nesmysl tohoto z\u00e1m\u011bru a lid\u00e9 maj\u00ed kolem sebe kr\u00e1snou krajinu, \u017eij\u00ed v pohod\u011b a \u017e\u00e1dn\u00e1 finan\u010dn\u00ed katastrofa se nekonala, proto\u017ee se na\u0161el jin\u00fd, sch\u016fdn\u011bj\u0161\u00ed a lep\u0161\u00ed z\u00e1m\u011br, jak zvednout p\u0159\u00edjmy obce.<\/p>\n\n\n\n<p>A pokud by u\u017e VTE m\u011bly v na\u0161em katastru st\u00e1t, tak v rozumn\u00e9m po\u010dtu, o p\u0159ijateln\u00e9 v\u00fd\u0161ce a za podm\u00ednek v\u00fdhodn\u00fdch pro v\u0161echny (ob\u010dan\u00e9, m\u011bstys i investor).<\/p>\n\n\n\n<p>Tolik asi m\u016fj n\u00e1zor. <\/p>\n\n\n\n<p>Rastislav \u017dabo Sabo<\/p>\n","protected":false},"excerpt":{"rendered":"<p>Jak to vid\u00edm j\u00e1&#8230; V posledn\u00edch dnech se u n\u00e1s v m\u011bstysi rozho\u0159ela obrovsk\u00e1 debata na t\u00e9ma v\u011btrn\u00fdch elektr\u00e1ren. Mluv\u00ed<\/p>\n","protected":false},"author":2,"featured_media":158,"comment_status":"open","ping_status":"open","sticky":false,"template":"","format":"standard","meta":{"footnotes":""},"categories":[5],"tags":[],"class_list":["post-156","post","type-post","status-publish","format-standard","has-post-thumbnail","hentry","category-nazory"],"_links":{"self":[{"href":"https:\/\/www.vtestonarov.cz\/index.php\/wp-json\/wp\/v2\/posts\/156","targetHints":{"allow":["GET"]}}],"collection":[{"href":"https:\/\/www.vtestonarov.cz\/index.php\/wp-json\/wp\/v2\/posts"}],"about":[{"href":"https:\/\/www.vtestonarov.cz\/index.php\/wp-json\/wp\/v2\/types\/post"}],"author":[{"embeddable":true,"href":"https:\/\/www.vtestonarov.cz\/index.php\/wp-json\/wp\/v2\/users\/2"}],"replies":[{"embeddable":true,"href":"https:\/\/www.vtestonarov.cz\/index.php\/wp-json\/wp\/v2\/comments?post=156"}],"version-history":[{"count":2,"href":"https:\/\/www.vtestonarov.cz\/index.php\/wp-json\/wp\/v2\/posts\/156\/revisions"}],"predecessor-version":[{"id":159,"href":"https:\/\/www.vtestonarov.cz\/index.php\/wp-json\/wp\/v2\/posts\/156\/revisions\/159"}],"wp:featuredmedia":[{"embeddable":true,"href":"https:\/\/www.vtestonarov.cz\/index.php\/wp-json\/wp\/v2\/media\/158"}],"wp:attachment":[{"href":"https:\/\/www.vtestonarov.cz\/index.php\/wp-json\/wp\/v2\/media?parent=156"}],"wp:term":[{"taxonomy":"category","embeddable":true,"href":"https:\/\/www.vtestonarov.cz\/index.php\/wp-json\/wp\/v2\/categories?post=156"},{"taxonomy":"post_tag","embeddable":true,"href":"https:\/\/www.vtestonarov.cz\/index.php\/wp-json\/wp\/v2\/tags?post=156"}],"curies":[{"name":"wp","href":"https:\/\/api.w.org\/{rel}","templated":true}]}}