{"id":178,"date":"2025-03-14T09:55:27","date_gmt":"2025-03-14T09:55:27","guid":{"rendered":"https:\/\/www.vtestonarov.cz\/?p=178"},"modified":"2025-03-14T09:55:27","modified_gmt":"2025-03-14T09:55:27","slug":"reakce-na-clanky-co-se-bude-dit-dal","status":"publish","type":"post","link":"https:\/\/www.vtestonarov.cz\/index.php\/2025\/03\/14\/reakce-na-clanky-co-se-bude-dit-dal\/","title":{"rendered":"Reakce na \u010dl\u00e1nky + Co se bude d\u00edt d\u00e1l?"},"content":{"rendered":"\n<p>V minul\u00fdch dnech jsme se do\u010dkali n\u011bkolika novinov\u00fdch \u010dl\u00e1nk\u016f v region\u00e1ln\u00edm tisku t\u00fdkaj\u00edc\u00edch se Stona\u0159ova a v\u011btrn\u00fdch elektr\u00e1ren. Nelze si nev\u0161imnout, \u017ee jako \u010derven\u00e1 nit se jimi line snaha o zpolitizov\u00e1n\u00ed cel\u00e9 kauzy a odveden\u00ed pozornosti od netransparentn\u00edho jedn\u00e1n\u00ed veden\u00ed m\u011bstyse a z\u00e1stupc\u016f investora, na kter\u00e9 se sna\u017e\u00ed na\u0161e skupina poukazovat ji\u017e od za\u010d\u00e1tku sv\u00e9ho p\u016fsoben\u00ed.<\/p>\n\n\n\n<p>Tento styl \u201eveden\u00ed boje\u201c je standardn\u00edm zp\u016fsobem dehonestace protivn\u00edka a pou\u017e\u00edvaj\u00ed jej v\u0161ichni kari\u00e9rn\u00ed <a><\/a>politici, mezi n\u011b\u017e sou\u010dasn\u00fd starosta Stona\u0159ova se svou t\u0159icetiletou prax\u00ed bezpochyby pat\u0159\u00ed. Jeho snaha stav\u011bt se do pozice ob\u011bti (viz \u010dl\u00e1nek v Jihlavsk\u00fdch listech ze dne 28. 2. 2025) a pokusy vkl\u00e1dat n\u00e1m do \u00fast v\u00fdroky o kriminalizaci a \u00faplatnosti zastupitel\u016f, kter\u00e9 z na\u0161\u00ed strany nikdy nezazn\u011bly, je nejen absurdn\u00ed, ale nav\u00edc vypov\u00edd\u00e1 o absolutn\u00edm nedostatku relevantn\u00edch argument\u016f, jimi\u017e by mohl vyvr\u00e1tit informace o problematice v\u011btrn\u00fdch elektr\u00e1ren ve Stona\u0159ov\u011b, kter\u00e9 jsme v pr\u016fb\u011bhu p\u016fsoben\u00ed skupiny zve\u0159ejnili. Obdobn\u011b bezzubou r\u00e9toriku p\u0159evzal i z\u00e1stupce investora, kter\u00fd n\u00e1s ozna\u010dil za ne\u00fasp\u011b\u0161n\u00e9 kandid\u00e1ty do zastupitelstva sna\u017e\u00edc\u00ed se na tomto t\u00e9matu nahnat lacin\u00e9 politick\u00e9 body (<a href=\"https:\/\/l.facebook.com\/l.php?u=http%3A%2F%2Fwww.idnes.cz%2F%3Ffbclid%3DIwZXh0bgNhZW0CMTAAAR3j5jyso1VopX52RdcBxf6sw61nMsDZG59FEiuiaTdqShH4tfzXYKNVX14_aem_GCoFGoLeEhXCYAl3IMMV4g&amp;h=AT1ywiYeQO64pBW10czxJ6lWwru9ELUg7fOPJuLYXxFb6ND6AoHf3TJ0i0fs_Jj5NFbGoX-IlQCPXIK7gVhWZfjewVW0Q4lzw4ZwOJ6YRPV3x1-dJSCwqgBgY3plbNkd7OJv2h62kXF6yWSwHg&amp;__tn__=-UK-R&amp;c[0]=AT3zDeDhEbZ6_Yctho2CSY5qN5ysNPDXM_QPA9-32GB_PPFkp2UlyD-ZWL7m2FcsK1fro9CLwnBCbHedm7O2ZE13un4VKtkWipucGVXhny6HeH2cA_tuTQWAgzHkOQqyjWlgKIoKjGnUA4IXAxoH89xtBCgG\" rel=\"noreferrer noopener\" target=\"_blank\">www.idnes.cz<\/a>). N\u011bkte\u0159\u00ed z n\u00e1s do zastupitelstva v minulosti skute\u010dn\u011b kandidovali, proto\u017ee cht\u011bli uplatnit svoje znalosti a zku\u0161enosti, kter\u00e9 by mohly pozitivn\u011b p\u0159isp\u011bt k rozvoji obce, av\u0161ak n\u011bkte\u0159\u00ed z n\u00e1s byli i voli\u010di sou\u010dasn\u00e9ho veden\u00ed m\u011bstyse.<\/p>\n\n\n\n<p>Smlouva o v\u00fdstavb\u011b v\u011btrn\u00e9ho parku se samoz\u0159ejm\u011b politiky dot\u00fdk\u00e1, ale trochu jinak, ne\u017e si sou\u010dasn\u00e9 osazenstvo radnice mysl\u00ed. Sv\u00fdm rozsahem toti\u017e p\u0159esahuje jakoukoliv nyn\u011bj\u0161\u00ed, ale i budouc\u00ed politickou garnituru, kter\u00e1 na \u00fa\u0159ad\u011b sed\u00ed nebo sed\u011bt bude. Provoz elektr\u00e1ren, tedy 200 metr\u016f vysok\u00fdch v\u011b\u017e\u00ed, je pl\u00e1nov\u00e1n v prvn\u00ed f\u00e1zi na 25 let a u\u017e nyn\u00ed padly zm\u00ednky o mo\u017en\u00e9m repoweringu, tedy nahrazen\u00ed vyslou\u017eil\u00fdch elektr\u00e1ren nov\u00fdmi. D\u00e1 se tedy \u0159\u00edci, \u017ee z na\u0161eho pohledu tu s elektr\u00e1rnami budeme \u017e\u00edt nadosmrti a zastupitelstvo m\u011bstyse bude v t\u00e9 dob\u011b u\u017e diametr\u00e1ln\u011b odli\u0161n\u00e9 od st\u00e1vaj\u00edc\u00edho.<\/p>\n\n\n\n<p>Takto monstr\u00f3zn\u00ed projekt ale vy\u017eaduje poskytnut\u00ed mnohem v\u011bt\u0161\u00edho mno\u017estv\u00ed informac\u00ed ne\u017e pouze uspo\u0159\u00e1d\u00e1n\u00ed p\u00e1r tenden\u010dn\u00edch setk\u00e1n\u00ed se z\u00e1stupci investora, kde se prezentovala jen budoucnost zalit\u00e1 sluncem a pln\u00e1 v\u011btru a kde neexistuj\u00ed negativa ani nejistoty. Dal\u0161\u00ed informace se pod\u00e1valy v kancel\u00e1\u0159i starosty, a to pouze osobn\u011b a pouze \u00fastn\u011b.<\/p>\n\n\n\n<p>Jen\u017ee tento postup ji\u017e v dne\u0161n\u00ed dob\u011b nefunguje. Lid\u00e9 jsou zvykl\u00ed dohled\u00e1vat informace na internetu a soci\u00e1ln\u00edch s\u00edt\u00edch. Skupina VTE Stona\u0159ov vznikla pr\u00e1v\u011b proto, \u017ee jsme cht\u011bli poskytnout ucelen\u00e9 informace o dan\u00e9 problematice na jednom m\u00edst\u011b bez nutnosti \u010dekat na \u00fa\u0159edn\u00ed hodiny m\u011bstyse a trousit se tam ka\u017ed\u00fd zvl\u00e1\u0161\u0165, na co\u017e radnice ob\u010dany odkazuje. Nespo\u010det hodin pr\u00e1ce cel\u00e9 skupiny p\u0159inesl ov\u011b\u0159en\u00e1, odzdrojovan\u00e1 data, p\u0159etransformovan\u00e1 do velk\u00e9ho mno\u017estv\u00ed p\u0159\u00edsp\u011bvk\u016f a\u0165 u\u017e na webu, \u010di soci\u00e1ln\u00edch s\u00edt\u00edch. Sv\u00fdm zp\u016fsobem jsme se tak sna\u017eili suplovat pr\u00e1ci na\u0161\u00ed radnice, pro kterou by takov\u00fdto zp\u016fsob informov\u00e1n\u00ed ob\u010dan\u016f m\u011bl b\u00fdt samoz\u0159ejm\u00fdm standardem, nicm\u00e9n\u011b tomu tak nebylo.<\/p>\n\n\n\n<p>Naprostou prioritou pro n\u00e1s byl dopad na kvalitu \u017eivota n\u00e1s v\u0161ech ve Stona\u0159ov\u011b, a\u0165 u\u017e se jednalo o v\u00fdraznou vizu\u00e1ln\u00ed devalvaci krajiny, nebo mo\u017enou hrozbu hluku od rotor\u016f, flicker efektu m\u00edhaj\u00edc\u00edch se lopatek p\u0159i zapadaj\u00edc\u00edm slunci, mo\u017enost (\u010di sp\u00ed\u0161e nemo\u017enost) recyklace stroj\u016f po ukon\u010den\u00ed \u017eivotnosti a dal\u0161\u00edch vliv\u016f spojen\u00fdch s provozem tohoto typu elektr\u00e1ren.<\/p>\n\n\n\n<p>D\u00e1le jsme se zam\u011b\u0159ili na zp\u016fsob v\u00fdb\u011bru investora a zjistili jsme, \u017ee nebyl vyps\u00e1n z\u00e1m\u011br o v\u00fdstavb\u011b elektr\u00e1ren, nebyly p\u0159ijaty \u017e\u00e1dn\u00e9 konkuren\u010dn\u00ed nab\u00eddky, a nebylo tedy mo\u017en\u00e9 posoudit v\u00fdhodnost benefit\u016f nab\u00edzen\u00fdch investorem Stona\u0159ovu. Proto jsme vypracovali porovn\u00e1n\u00ed nab\u00eddek, kde jsme vych\u00e1zeli z ve\u0159ejn\u011b dostupn\u00fdch dat na internetu, a zjistili jsme, \u017ee odm\u011bna nab\u00edzen\u00e1 Stona\u0159ovu je jedna z nejni\u017e\u0161\u00edch mo\u017en\u00fdch. V r\u00e1mci tzv. \u201egentlemansk\u00fdch dohod\u201c mezi m\u00edstn\u00edmi starosty m\u00e1 nab\u00eddku na takto n\u00edzk\u00e9 odm\u011bny je\u0161t\u011b Ot\u00edn, jeho\u017e starosta je ale spokojen\u00fd, proto\u017ee mu p\u0159\u00edjem z elektr\u00e1ren zdvojn\u00e1sob\u00ed obecn\u00ed rozpo\u010det (<a href=\"https:\/\/l.facebook.com\/l.php?u=http%3A%2F%2Fwww.idnes.cz%2F%3Ffbclid%3DIwZXh0bgNhZW0CMTAAAR0ippQHAx9BHtLBGfvOSoDYTcB84nK5hLs4KXV6Hq9YluguYxNKSnCtmlg_aem_qH6NgMd5OCSLv1KKiUjkWQ&amp;h=AT1ywiYeQO64pBW10czxJ6lWwru9ELUg7fOPJuLYXxFb6ND6AoHf3TJ0i0fs_Jj5NFbGoX-IlQCPXIK7gVhWZfjewVW0Q4lzw4ZwOJ6YRPV3x1-dJSCwqgBgY3plbNkd7OJv2h62kXF6yWSwHg&amp;__tn__=-UK-R&amp;c[0]=AT3zDeDhEbZ6_Yctho2CSY5qN5ysNPDXM_QPA9-32GB_PPFkp2UlyD-ZWL7m2FcsK1fro9CLwnBCbHedm7O2ZE13un4VKtkWipucGVXhny6HeH2cA_tuTQWAgzHkOQqyjWlgKIoKjGnUA4IXAxoH89xtBCgG\" rel=\"noreferrer noopener\" target=\"_blank\">www.idnes.cz<\/a>). \u017de by mohl b\u00fdt tento p\u0159\u00edjem a\u017e \u010dty\u0159n\u00e1sobn\u00fd, pro n\u011bho z\u0159ejm\u011b nen\u00ed relevantn\u00ed.<\/p>\n\n\n\n<p>Po uve\u0159ejn\u011bn\u00ed t\u011bchto informac\u00ed jsme dostali nab\u00eddky na jedn\u00e1n\u00ed jak od investora (zprost\u0159edkovan\u011b \u00fastn\u011b), tak od obce (p\u00edsemn\u011b v reakci na otev\u0159en\u00fd dopis), tato jedn\u00e1n\u00ed v\u0161ak m\u011bla prob\u00edhat zav\u0159en\u00fdmi dve\u0159mi. Na v\u0161echny tyto nab\u00eddky jsme reagovali v\u017edy stejn\u011b \u2013 chceme transparentn\u00ed ve\u0159ejn\u00e9 jedn\u00e1n\u00ed a ve\u0161kerou komunikaci, kter\u00e1 bude p\u0159edch\u00e1zet tomuto jedn\u00e1n\u00ed, vy\u017eadujeme p\u00edsemn\u011b. Z\u00e1stupce investora ji\u017e nereagoval, komunikaci s m\u011bstysem jsme zve\u0159ejnili na webu a facebooku VTE Stona\u0159ov. Na odpov\u011b\u010f veden\u00ed radnice v ot\u00e1zce uspo\u0159\u00e1d\u00e1n\u00ed dal\u0161\u00edho ve\u0159ejn\u00e9ho setk\u00e1n\u00ed doposud \u010dek\u00e1me.<\/p>\n\n\n\n<p><strong>A jak tedy d\u00e1l, p\u0159\u00e1tel\u00e9?<\/strong><\/p>\n\n\n\n<p>Dob\u011bhla anketa o roz\u0161\u00ed\u0159en\u00ed v\u011btrn\u00e9ho parku vyhl\u00e1\u0161en\u00e1 obc\u00ed a \u010dek\u00e1me na v\u00fdsledky. S\u010d\u00edt\u00e1n\u00ed oproti ve\u0159ejn\u00fdm proklamac\u00edm pana starosty o mo\u017en\u00e9 p\u0159\u00edtomnosti ob\u010dan\u016f prob\u011bhlo op\u011bt za zav\u0159en\u00fdmi dve\u0159mi, nicm\u00e9n\u011b v\u011b\u0159\u00edme v \u010destnost a smysl pro fair play cel\u00e9ho kontroln\u00edho v\u00fdboru, v jeho\u017e gesci anketa prob\u011bhla.<\/p>\n\n\n\n<p>My se v sou\u010dasn\u00e9 dob\u011b zab\u00fdv\u00e1me studiem Smlouvy o spolupr\u00e1ci m\u011bstyse a investora, kterou jsme na z\u00e1klad\u011b \u017e\u00e1dosti o informace dle z\u00e1kona 106\/1999 Sb. obdr\u017eeli v posledn\u00ed den z\u00e1konn\u00e9 lh\u016fty. \u010cten\u00ed je to velmi zaj\u00edmav\u00e9 a t\u011b\u0161\u00edme se, a\u017e se budeme moci pod\u011blit o nov\u00e9 poznatky.<\/p>\n\n\n\n<p>Zat\u00edm budeme citovat jen jeden kr\u00e1tk\u00fd v\u00fd\u0148atek: <em>\u201eObec bude v r\u00e1mci z\u00e1konn\u00fdch mo\u017enost\u00ed pln\u011b podporovat realizaci V\u011btrn\u00e9ho parku a konat ve prosp\u011bch V\u011btrn\u00e9ho parku, a to ve v\u0161ech procesech a \u00fakonech p\u0159ed org\u00e1ny ve\u0159ejn\u00e9 spr\u00e1vy,\u2026\u2026., a p\u0159i v\u0161ech sv\u00fdch ve\u0159ejnopr\u00e1vn\u00edch, soukromopr\u00e1vn\u00edch \u010di samospr\u00e1vn\u00edch jedn\u00e1n\u00edch a kroc\u00edch, dovnit\u0159, i navenek.\u201c<\/em><\/p>\n\n\n\n<p>Co to podle n\u00e1s znamen\u00e1? I kdyby veden\u00ed m\u011bstyse v\u011bd\u011blo, \u017ee podm\u00ednky v\u00fdstavby nab\u00edzen\u00e9 investorem nejsou a\u017e tak v\u00fdhodn\u00e9, jak bylo p\u016fvodn\u011b prezentov\u00e1no, je i tak smluvn\u011b v\u00e1z\u00e1no nekriticky v\u00fdstavbu podporovat.<\/p>\n\n\n\n<p>Tak\u017ee co z toho plyne? V\u00fdsledky ankety na na\u0161em postupu nic nem\u011bn\u00ed. C\u00edl\u00edme na referendum jako na jedinou legitimn\u00ed mo\u017enost vyj\u00e1d\u0159en\u00ed n\u00e1s v\u0161ech. V\u011b\u0159\u00edme, \u017ee i Vy tuto mo\u017enost uv\u00edt\u00e1te.<\/p>\n\n\n\n<p>Za VTE Stona\u0159ov<\/p>\n\n\n\n<p>Michal Ry\u0161av\u00fd<\/p>\n\n\n\n<p><a href=\"https:\/\/www.jihlavske-listy.cz\/clanek43065-kraj-vystavbe...\">https:\/\/www.jihlavske-listy.cz\/clanek43065-kraj-vystavbe&#8230;<\/a><\/p>\n\n\n\n<p><a href=\"https:\/\/www.idnes.cz\/...\/vysocina-stonarov-vetrne...\">https:\/\/www.idnes.cz\/&#8230;\/vysocina-stonarov-vetrne&#8230;<\/a><\/p>\n\n\n\n<figure class=\"wp-block-image size-large\"><img loading=\"lazy\" decoding=\"async\" width=\"1024\" height=\"667\" src=\"https:\/\/www.vtestonarov.cz\/wp-content\/uploads\/2025\/03\/480505219_122114927948766999_7852670244184929151_n-1024x667.jpg\" alt=\"\" class=\"wp-image-179\" srcset=\"https:\/\/www.vtestonarov.cz\/wp-content\/uploads\/2025\/03\/480505219_122114927948766999_7852670244184929151_n-1024x667.jpg 1024w, https:\/\/www.vtestonarov.cz\/wp-content\/uploads\/2025\/03\/480505219_122114927948766999_7852670244184929151_n-300x195.jpg 300w, https:\/\/www.vtestonarov.cz\/wp-content\/uploads\/2025\/03\/480505219_122114927948766999_7852670244184929151_n-768x500.jpg 768w, https:\/\/www.vtestonarov.cz\/wp-content\/uploads\/2025\/03\/480505219_122114927948766999_7852670244184929151_n-1536x1000.jpg 1536w, https:\/\/www.vtestonarov.cz\/wp-content\/uploads\/2025\/03\/480505219_122114927948766999_7852670244184929151_n.jpg 2024w\" sizes=\"auto, (max-width: 1024px) 100vw, 1024px\" \/><\/figure>\n\n\n\n<figure class=\"wp-block-image size-large\"><img loading=\"lazy\" decoding=\"async\" width=\"656\" height=\"1024\" src=\"https:\/\/www.vtestonarov.cz\/wp-content\/uploads\/2025\/03\/482224291_122114928020766999_8220010059479330773_n-656x1024.jpg\" alt=\"\" class=\"wp-image-180\" srcset=\"https:\/\/www.vtestonarov.cz\/wp-content\/uploads\/2025\/03\/482224291_122114928020766999_8220010059479330773_n-656x1024.jpg 656w, https:\/\/www.vtestonarov.cz\/wp-content\/uploads\/2025\/03\/482224291_122114928020766999_8220010059479330773_n-192x300.jpg 192w, https:\/\/www.vtestonarov.cz\/wp-content\/uploads\/2025\/03\/482224291_122114928020766999_8220010059479330773_n-768x1199.jpg 768w, https:\/\/www.vtestonarov.cz\/wp-content\/uploads\/2025\/03\/482224291_122114928020766999_8220010059479330773_n-984x1536.jpg 984w, https:\/\/www.vtestonarov.cz\/wp-content\/uploads\/2025\/03\/482224291_122114928020766999_8220010059479330773_n.jpg 1086w\" sizes=\"auto, (max-width: 656px) 100vw, 656px\" \/><\/figure>\n","protected":false},"excerpt":{"rendered":"<p>V minul\u00fdch dnech jsme se do\u010dkali n\u011bkolika novinov\u00fdch \u010dl\u00e1nk\u016f v region\u00e1ln\u00edm tisku t\u00fdkaj\u00edc\u00edch se Stona\u0159ova a v\u011btrn\u00fdch elektr\u00e1ren. Nelze si<\/p>\n","protected":false},"author":2,"featured_media":179,"comment_status":"open","ping_status":"open","sticky":false,"template":"","format":"standard","meta":{"footnotes":""},"categories":[10,12],"tags":[],"class_list":["post-178","post","type-post","status-publish","format-standard","has-post-thumbnail","hentry","category-informace","category-komunikace"],"_links":{"self":[{"href":"https:\/\/www.vtestonarov.cz\/index.php\/wp-json\/wp\/v2\/posts\/178","targetHints":{"allow":["GET"]}}],"collection":[{"href":"https:\/\/www.vtestonarov.cz\/index.php\/wp-json\/wp\/v2\/posts"}],"about":[{"href":"https:\/\/www.vtestonarov.cz\/index.php\/wp-json\/wp\/v2\/types\/post"}],"author":[{"embeddable":true,"href":"https:\/\/www.vtestonarov.cz\/index.php\/wp-json\/wp\/v2\/users\/2"}],"replies":[{"embeddable":true,"href":"https:\/\/www.vtestonarov.cz\/index.php\/wp-json\/wp\/v2\/comments?post=178"}],"version-history":[{"count":1,"href":"https:\/\/www.vtestonarov.cz\/index.php\/wp-json\/wp\/v2\/posts\/178\/revisions"}],"predecessor-version":[{"id":181,"href":"https:\/\/www.vtestonarov.cz\/index.php\/wp-json\/wp\/v2\/posts\/178\/revisions\/181"}],"wp:featuredmedia":[{"embeddable":true,"href":"https:\/\/www.vtestonarov.cz\/index.php\/wp-json\/wp\/v2\/media\/179"}],"wp:attachment":[{"href":"https:\/\/www.vtestonarov.cz\/index.php\/wp-json\/wp\/v2\/media?parent=178"}],"wp:term":[{"taxonomy":"category","embeddable":true,"href":"https:\/\/www.vtestonarov.cz\/index.php\/wp-json\/wp\/v2\/categories?post=178"},{"taxonomy":"post_tag","embeddable":true,"href":"https:\/\/www.vtestonarov.cz\/index.php\/wp-json\/wp\/v2\/tags?post=178"}],"curies":[{"name":"wp","href":"https:\/\/api.w.org\/{rel}","templated":true}]}}