{"id":193,"date":"2025-03-23T21:19:55","date_gmt":"2025-03-23T21:19:55","guid":{"rendered":"https:\/\/www.vtestonarov.cz\/?p=193"},"modified":"2025-04-16T12:17:56","modified_gmt":"2025-04-16T12:17:56","slug":"akceleracni-zony-pro-vystavbu-vte","status":"publish","type":"post","link":"https:\/\/www.vtestonarov.cz\/index.php\/2025\/03\/23\/akceleracni-zony-pro-vystavbu-vte\/","title":{"rendered":"Akcelera\u010dn\u00ed z\u00f3ny pro v\u00fdstavbu VTE"},"content":{"rendered":"\n<p><img loading=\"lazy\" decoding=\"async\" height=\"16\" width=\"16\" alt=\"\ud83d\udccd\" src=\"https:\/\/static.xx.fbcdn.net\/images\/emoji.php\/v9\/t2d\/1\/16\/1f4cd.png\">\u201eChr\u00e1nit na\u0161i p\u0159\u00edrodu nen\u00ed volbou, je to na\u0161e spole\u010densk\u00e1 povinnost a zodpov\u011bdnost. Zem\u011b n\u00e1m byla sv\u011b\u0159ena do p\u00e9\u010de a jinou nem\u00e1me. Ministerstvo \u017eivotn\u00edho prost\u0159ed\u00ed pracuje ka\u017ed\u00fd den na tom, abychom ji v dobr\u00e9m stavu dok\u00e1zali p\u0159edat budouc\u00edm generac\u00edm.\u201c <img loading=\"lazy\" decoding=\"async\" height=\"16\" width=\"16\" alt=\"\ud83d\udccd\" src=\"https:\/\/static.xx.fbcdn.net\/images\/emoji.php\/v9\/t2d\/1\/16\/1f4cd.png\"><\/p>\n\n\n\n<p>Petr Hlad\u00edk, ministr \u017eivotn\u00edho prost\u0159ed\u00ed<\/p>\n\n\n\n<p>__________________________________________<\/p>\n\n\n\n<p><img loading=\"lazy\" decoding=\"async\" height=\"16\" width=\"16\" alt=\"\ud83d\udccd\" src=\"https:\/\/static.xx.fbcdn.net\/images\/emoji.php\/v9\/t2d\/1\/16\/1f4cd.png\">Ve spolupr\u00e1ci t\u0159\u00ed ministerstev (MPO, M\u017dP a MMR) byl vypracov\u00e1n n\u00e1vrh z\u00e1kona o urychlen\u00ed vyu\u017e\u00edv\u00e1n\u00ed obnoviteln\u00fdch zdroj\u016f energie. Na jeho z<a><\/a>\u00e1klad\u011b v ned\u00e1vn\u00e9 dob\u011b prob\u00edhalo vymezov\u00e1n\u00ed oblast\u00ed vhodn\u00fdch pro zrychlenou v\u00fdstavbu sol\u00e1rn\u00edch \u010di v\u011btrn\u00fdch elektr\u00e1ren, tzv. akcelera\u010dn\u00edch z\u00f3n. Dle nej\u010derstv\u011bj\u0161\u00edch zpr\u00e1v jsou snad ji\u017e z\u00f3ny vymezeny, s re\u00e1ln\u00fdm rozm\u00edst\u011bn\u00edm se tedy budeme moci sezn\u00e1mit pravd\u011bpodobn\u011b ji\u017e velmi brzy.<\/p>\n\n\n\n<p><img loading=\"lazy\" decoding=\"async\" height=\"16\" width=\"16\" alt=\"\ud83d\udccd\" src=\"https:\/\/static.xx.fbcdn.net\/images\/emoji.php\/v9\/t2d\/1\/16\/1f4cd.png\">Poj\u010fme vysly\u0161et pana ministra Hlad\u00edka, hledejme balanc mezi v\u00fdstavbou OZE a p\u00e9\u010d\u00ed o p\u0159\u00edrodu a soust\u0159e\u010fme v\u00fdstavbu velk\u00fdch v\u011btrn\u00fdch park\u016f do t\u011bchto z\u00f3n. Nepodlehn\u011bme tlak\u016fm investor\u016f, nebo\u0165 jim jde o krajinu, p\u0159\u00edrodu a o lidi a\u017e na posledn\u00edm m\u00edst\u011b, ne\u010di\u0148me un\u00e1hlen\u00e1 rozhodnut\u00ed, aby jednou na\u0161i zastupitel\u00e9 nemuseli ps\u00e1t, a\u017e se trendy i u n\u00e1s zm\u011bn\u00ed, jak\u00e9 jsou v\u011btrn\u00e9 parky v\u0161ude kolem hr\u016fza, jak to dnes p\u00ed\u0161\u00ed o pol\u00edch sol\u00e1rn\u00edch elektr\u00e1ren.<\/p>\n\n\n\n<p><img loading=\"lazy\" decoding=\"async\" height=\"16\" width=\"16\" alt=\"\ud83d\udccd\" src=\"https:\/\/static.xx.fbcdn.net\/images\/emoji.php\/v9\/t2d\/1\/16\/1f4cd.png\">P\u0159ilo\u017een\u00fd obr\u00e1zek mapuje oblasti v \u010cR dle vhodnosti podm\u00ednek pro stanoven\u00ed akcelera\u010dn\u00edch z\u00f3n. Metodika jejich fin\u00e1ln\u00edho stanoven\u00ed je ov\u0161em slo\u017eit\u00e1, neznamen\u00e1 to tedy, \u017ee zelen\u011b ozna\u010den\u00e9 m\u00edsto se automaticky akcelera\u010dn\u00ed z\u00f3nou stane.<\/p>\n\n\n\n<p><img loading=\"lazy\" decoding=\"async\" height=\"16\" width=\"16\" alt=\"\ud83d\udfe2\" src=\"https:\/\/static.xx.fbcdn.net\/images\/emoji.php\/v9\/tfc\/1\/16\/1f7e2.png\">V zelen\u00fdch oblastech budou moci akcelera\u010dn\u00ed z\u00f3ny vzniknout.<\/p>\n\n\n\n<p><img loading=\"lazy\" decoding=\"async\" height=\"16\" width=\"16\" alt=\"\ud83d\udfe1\" src=\"https:\/\/static.xx.fbcdn.net\/images\/emoji.php\/v9\/t7b\/1\/16\/1f7e1.png\">Ve \u017elut\u00fdch bude pot\u0159eba individu\u00e1ln\u00ed posouzen\u00ed.<\/p>\n\n\n\n<p><img loading=\"lazy\" decoding=\"async\" height=\"16\" width=\"16\" alt=\"\ud83d\udd34\" src=\"https:\/\/static.xx.fbcdn.net\/images\/emoji.php\/v9\/t6e\/1\/16\/1f534.png\">\u010cerven\u00e9 oblasti jsou pro tyto z\u00f3ny nevhodn\u00e9.<\/p>\n\n\n\n<p>Druh\u00fd obr\u00e1zek pom\u00e1h\u00e1 alespo\u0148 p\u0159ibli\u017en\u011b v orientaci na map\u011b.<\/p>\n\n\n\n<p><a href=\"https:\/\/www.mzp.cz\/cz\/obnovitelne_zdroje_energie_zakon\">https:\/\/www.mzp.cz\/cz\/obnovitelne_zdroje_energie_zakon<\/a><\/p>\n\n\n\n<p><a href=\"https:\/\/www.smartcityvpraxi.cz\/rozhovory_komentare_244.php\">https:\/\/www.smartcityvpraxi.cz\/rozhovory_komentare_244.php<\/a><\/p>\n\n\n\n<p><a href=\"https:\/\/archiv.hn.cz\/c1-67439550-cervena-zluta-ci-zelena-navrh-ministerstva-ukazuje-jak-vymezit-oblasti-pro-rychlejsi-vystavbu-obnovitelnych-zdroju?fbclid=IwY2xjawJrr7tleHRuA2FlbQIxMAABHsxmQfGZqpCgNw6bXLWy_3D5y_JVCVp2f8Z7tnoDWttHq7qMz56TPu1DVA8c_aem_Ne_E18vkgyrjBPjCLz930w\">https:\/\/archiv.hn.cz\/c1-67439550-cervena-zluta-ci-zelena-navrh-ministerstva-ukazuje-jak-vymezit-oblasti-pro-rychlejsi-vystavbu-obnovitelnych-zdroju?fbclid=IwY2xjawJrr7tleHRuA2FlbQIxMAABHsxmQfGZqpCgNw6bXLWy_3D5y_JVCVp2f8Z7tnoDWttHq7qMz56TPu1DVA8c_aem_Ne_E18vkgyrjBPjCLz930w<\/a><\/p>\n\n\n\n<p><\/p>\n\n\n\n<figure class=\"wp-block-image size-full\"><img loading=\"lazy\" decoding=\"async\" width=\"600\" height=\"374\" src=\"https:\/\/www.vtestonarov.cz\/wp-content\/uploads\/2025\/04\/akcel-zony.jpg\" alt=\"\" class=\"wp-image-194\" srcset=\"https:\/\/www.vtestonarov.cz\/wp-content\/uploads\/2025\/04\/akcel-zony.jpg 600w, https:\/\/www.vtestonarov.cz\/wp-content\/uploads\/2025\/04\/akcel-zony-300x187.jpg 300w\" sizes=\"auto, (max-width: 600px) 100vw, 600px\" \/><\/figure>\n\n\n\n<figure class=\"wp-block-image size-full\"><img loading=\"lazy\" decoding=\"async\" width=\"600\" height=\"369\" src=\"https:\/\/www.vtestonarov.cz\/wp-content\/uploads\/2025\/04\/akcel-zony-02.jpg\" alt=\"\" class=\"wp-image-195\" srcset=\"https:\/\/www.vtestonarov.cz\/wp-content\/uploads\/2025\/04\/akcel-zony-02.jpg 600w, https:\/\/www.vtestonarov.cz\/wp-content\/uploads\/2025\/04\/akcel-zony-02-300x185.jpg 300w\" sizes=\"auto, (max-width: 600px) 100vw, 600px\" \/><\/figure>\n","protected":false},"excerpt":{"rendered":"<p>\u201eChr\u00e1nit na\u0161i p\u0159\u00edrodu nen\u00ed volbou, je to na\u0161e spole\u010densk\u00e1 povinnost a zodpov\u011bdnost. Zem\u011b n\u00e1m byla sv\u011b\u0159ena do p\u00e9\u010de a jinou<\/p>\n","protected":false},"author":2,"featured_media":195,"comment_status":"open","ping_status":"open","sticky":false,"template":"","format":"standard","meta":{"footnotes":""},"categories":[8,9],"tags":[],"class_list":["post-193","post","type-post","status-publish","format-standard","has-post-thumbnail","hentry","category-priroda","category-vlivy"],"_links":{"self":[{"href":"https:\/\/www.vtestonarov.cz\/index.php\/wp-json\/wp\/v2\/posts\/193","targetHints":{"allow":["GET"]}}],"collection":[{"href":"https:\/\/www.vtestonarov.cz\/index.php\/wp-json\/wp\/v2\/posts"}],"about":[{"href":"https:\/\/www.vtestonarov.cz\/index.php\/wp-json\/wp\/v2\/types\/post"}],"author":[{"embeddable":true,"href":"https:\/\/www.vtestonarov.cz\/index.php\/wp-json\/wp\/v2\/users\/2"}],"replies":[{"embeddable":true,"href":"https:\/\/www.vtestonarov.cz\/index.php\/wp-json\/wp\/v2\/comments?post=193"}],"version-history":[{"count":3,"href":"https:\/\/www.vtestonarov.cz\/index.php\/wp-json\/wp\/v2\/posts\/193\/revisions"}],"predecessor-version":[{"id":204,"href":"https:\/\/www.vtestonarov.cz\/index.php\/wp-json\/wp\/v2\/posts\/193\/revisions\/204"}],"wp:featuredmedia":[{"embeddable":true,"href":"https:\/\/www.vtestonarov.cz\/index.php\/wp-json\/wp\/v2\/media\/195"}],"wp:attachment":[{"href":"https:\/\/www.vtestonarov.cz\/index.php\/wp-json\/wp\/v2\/media?parent=193"}],"wp:term":[{"taxonomy":"category","embeddable":true,"href":"https:\/\/www.vtestonarov.cz\/index.php\/wp-json\/wp\/v2\/categories?post=193"},{"taxonomy":"post_tag","embeddable":true,"href":"https:\/\/www.vtestonarov.cz\/index.php\/wp-json\/wp\/v2\/tags?post=193"}],"curies":[{"name":"wp","href":"https:\/\/api.w.org\/{rel}","templated":true}]}}