{"id":197,"date":"2025-03-27T21:30:17","date_gmt":"2025-03-27T21:30:17","guid":{"rendered":"https:\/\/www.vtestonarov.cz\/?p=197"},"modified":"2025-04-16T12:17:40","modified_gmt":"2025-04-16T12:17:40","slug":"zhodnoceni-ankety-ve-stonarove-a-komunikace-s-vedenim-obce","status":"publish","type":"post","link":"https:\/\/www.vtestonarov.cz\/index.php\/2025\/03\/27\/zhodnoceni-ankety-ve-stonarove-a-komunikace-s-vedenim-obce\/","title":{"rendered":"Zhodnocen\u00ed ankety ve Stona\u0159ov\u011b a komunikace s veden\u00edm obce"},"content":{"rendered":"\n<p>V\u00e1\u017een\u00ed spoluob\u010dan\u00e9 a kamar\u00e1di,<\/p>\n\n\n\n<p>dnes je to t\u00fdden od ve\u0159ejn\u00e9ho zased\u00e1n\u00ed zastupitelstva. Neust\u00e1le se n\u00e1s dotazujete, co bude d\u00e1l a jak to vid\u00edme. V\u00e1\u0161 z\u00e1jem n\u00e1s velmi t\u011b\u0161\u00ed a je n\u00e1m oporou. Je skv\u011bl\u00e9, \u017ee V\u00e1m nen\u00ed lhostejn\u00e1 budoucnost na\u0161\u00ed obce a okol\u00ed.<\/p>\n\n\n\n<p>Samoz\u0159ejm\u011b, \u017ee nesp\u00edme a p\u0159ipravujeme dal\u0161\u00ed kroky tak, abychom V\u00e1m pod\u00e1vali co nejv\u00edce objektivn\u00edch informac\u00ed a Vy se tak l\u00e9pe mohli rozhodnout, jak nalo\u017eit se sv\u00fdm hlasem v p\u0159\u00edpadn\u00e9m referendu.<\/p>\n\n\n\n<p><a><\/a><img loading=\"lazy\" decoding=\"async\" height=\"16\" width=\"16\" alt=\"\u2753\" src=\"https:\/\/static.xx.fbcdn.net\/images\/emoji.php\/v9\/t4c\/1\/16\/2753.png\">V\u00fdsledky ankety jsme ji\u017e zve\u0159ejnili, ale o \u010dem vypov\u00eddaj\u00ed?<img loading=\"lazy\" decoding=\"async\" height=\"16\" width=\"16\" alt=\"\u2753\" src=\"https:\/\/static.xx.fbcdn.net\/images\/emoji.php\/v9\/t4c\/1\/16\/2753.png\"><\/p>\n\n\n\n<p>Drtiv\u00fd z\u00e1jem ob\u010dan\u016f a nesouhlas s roz\u0161\u00ed\u0159en\u00edm v\u00fdstavby o n\u011b\u010dem vypov\u00edd\u00e1. Ob\u010dan\u00e9 necht\u011bj\u00ed v\u011btrn\u00e9 parky kolem sv\u00fdch obydl\u00ed s minim\u00e1ln\u00edm p\u0159\u00ednosem pro n\u011b samotn\u00e9.<\/p>\n\n\n\n<p>Nad\u00e1le jsme otev\u0159eli diskuzi ke Smlouv\u011b o spolupr\u00e1ci obce s investorem. Toto t\u00e9ma je velmi d\u016fle\u017eit\u00e9 pro pr\u00e1vn\u00ed ochranu obce, pota\u017emo ob\u010dan\u016f do budoucna, a proto se mu budeme intenzivn\u011b v\u011bnovat a V\u00e1s budeme o pr\u016fb\u011bhu pravideln\u011b informovat. Na\u0161e skupina tak\u00e9 nab\u00eddla veden\u00ed obce otev\u0159enou diskuzi, kde bychom nast\u00ednili mo\u017en\u00e1 rizika plynouc\u00ed z ji\u017e podepsan\u00e9 smlouvy.<\/p>\n\n\n\n<p>Pro ty, kte\u0159\u00ed se nemohli z\u00fa\u010dastnit ve\u0159ejn\u00e9ho zased\u00e1n\u00ed, p\u0159id\u00e1me v dal\u0161\u00edm p\u0159\u00edsp\u011bvku odkaz na video s pr\u016fb\u011bhem zased\u00e1n\u00ed.<\/p>\n\n\n\n<p>Pro celkovou transparentnost v jedn\u00e1n\u00ed mezi obc\u00ed a n\u00e1mi p\u0159id\u00e1v\u00e1me i mailovou korespondenci s \u00fa\u0159adem m\u011bstyse. B\u00edlou barvou jsou zakryt\u00e9 emailov\u00e9 adresy zastupitel\u016f z d\u016fvodu ochrany dat. \u00dasudek si ud\u011bl\u00e1te jist\u011b sami.<\/p>\n\n\n\n<p>Pokud byste se cht\u011bli na cokoliv zeptat, pi\u0161te na mail info@vtestonarov.cz a pros\u00edme o trp\u011blivost.<\/p>\n\n\n\n<figure class=\"wp-block-image size-full\"><img loading=\"lazy\" decoding=\"async\" width=\"600\" height=\"372\" src=\"https:\/\/www.vtestonarov.cz\/wp-content\/uploads\/2025\/04\/obr01.jpg\" alt=\"\" class=\"wp-image-198\" srcset=\"https:\/\/www.vtestonarov.cz\/wp-content\/uploads\/2025\/04\/obr01.jpg 600w, https:\/\/www.vtestonarov.cz\/wp-content\/uploads\/2025\/04\/obr01-300x186.jpg 300w\" sizes=\"auto, (max-width: 600px) 100vw, 600px\" \/><\/figure>\n\n\n\n<figure class=\"wp-block-image size-full\"><img loading=\"lazy\" decoding=\"async\" width=\"600\" height=\"260\" src=\"https:\/\/www.vtestonarov.cz\/wp-content\/uploads\/2025\/04\/obr02.jpg\" alt=\"\" class=\"wp-image-199\" srcset=\"https:\/\/www.vtestonarov.cz\/wp-content\/uploads\/2025\/04\/obr02.jpg 600w, https:\/\/www.vtestonarov.cz\/wp-content\/uploads\/2025\/04\/obr02-300x130.jpg 300w\" sizes=\"auto, (max-width: 600px) 100vw, 600px\" \/><\/figure>\n\n\n\n<figure class=\"wp-block-image size-full\"><img loading=\"lazy\" decoding=\"async\" width=\"586\" height=\"350\" src=\"https:\/\/www.vtestonarov.cz\/wp-content\/uploads\/2025\/04\/obr03.jpg\" alt=\"\" class=\"wp-image-200\" srcset=\"https:\/\/www.vtestonarov.cz\/wp-content\/uploads\/2025\/04\/obr03.jpg 586w, https:\/\/www.vtestonarov.cz\/wp-content\/uploads\/2025\/04\/obr03-300x179.jpg 300w\" sizes=\"auto, (max-width: 586px) 100vw, 586px\" \/><\/figure>\n\n\n\n<figure class=\"wp-block-image size-full\"><img loading=\"lazy\" decoding=\"async\" width=\"599\" height=\"247\" src=\"https:\/\/www.vtestonarov.cz\/wp-content\/uploads\/2025\/04\/obr04.jpg\" alt=\"\" class=\"wp-image-201\" srcset=\"https:\/\/www.vtestonarov.cz\/wp-content\/uploads\/2025\/04\/obr04.jpg 599w, https:\/\/www.vtestonarov.cz\/wp-content\/uploads\/2025\/04\/obr04-300x124.jpg 300w\" sizes=\"auto, (max-width: 599px) 100vw, 599px\" \/><\/figure>\n","protected":false},"excerpt":{"rendered":"<p>V\u00e1\u017een\u00ed spoluob\u010dan\u00e9 a kamar\u00e1di, dnes je to t\u00fdden od ve\u0159ejn\u00e9ho zased\u00e1n\u00ed zastupitelstva. Neust\u00e1le se n\u00e1s dotazujete, co bude d\u00e1l a<\/p>\n","protected":false},"author":2,"featured_media":160,"comment_status":"open","ping_status":"open","sticky":false,"template":"","format":"standard","meta":{"footnotes":""},"categories":[10],"tags":[],"class_list":["post-197","post","type-post","status-publish","format-standard","has-post-thumbnail","hentry","category-informace"],"_links":{"self":[{"href":"https:\/\/www.vtestonarov.cz\/index.php\/wp-json\/wp\/v2\/posts\/197","targetHints":{"allow":["GET"]}}],"collection":[{"href":"https:\/\/www.vtestonarov.cz\/index.php\/wp-json\/wp\/v2\/posts"}],"about":[{"href":"https:\/\/www.vtestonarov.cz\/index.php\/wp-json\/wp\/v2\/types\/post"}],"author":[{"embeddable":true,"href":"https:\/\/www.vtestonarov.cz\/index.php\/wp-json\/wp\/v2\/users\/2"}],"replies":[{"embeddable":true,"href":"https:\/\/www.vtestonarov.cz\/index.php\/wp-json\/wp\/v2\/comments?post=197"}],"version-history":[{"count":1,"href":"https:\/\/www.vtestonarov.cz\/index.php\/wp-json\/wp\/v2\/posts\/197\/revisions"}],"predecessor-version":[{"id":202,"href":"https:\/\/www.vtestonarov.cz\/index.php\/wp-json\/wp\/v2\/posts\/197\/revisions\/202"}],"wp:featuredmedia":[{"embeddable":true,"href":"https:\/\/www.vtestonarov.cz\/index.php\/wp-json\/wp\/v2\/media\/160"}],"wp:attachment":[{"href":"https:\/\/www.vtestonarov.cz\/index.php\/wp-json\/wp\/v2\/media?parent=197"}],"wp:term":[{"taxonomy":"category","embeddable":true,"href":"https:\/\/www.vtestonarov.cz\/index.php\/wp-json\/wp\/v2\/categories?post=197"},{"taxonomy":"post_tag","embeddable":true,"href":"https:\/\/www.vtestonarov.cz\/index.php\/wp-json\/wp\/v2\/tags?post=197"}],"curies":[{"name":"wp","href":"https:\/\/api.w.org\/{rel}","templated":true}]}}