{"id":205,"date":"2025-03-27T21:37:46","date_gmt":"2025-03-27T21:37:46","guid":{"rendered":"https:\/\/www.vtestonarov.cz\/?p=205"},"modified":"2025-04-16T12:17:23","modified_gmt":"2025-04-16T12:17:23","slug":"zaznam-z-projednavani-vystavby-vetrneho-parku-vysocina-ze-zasedani-zastupitelstva-mestyse-stonarov-ze-dne-19-3-2025","status":"publish","type":"post","link":"https:\/\/www.vtestonarov.cz\/index.php\/2025\/03\/27\/zaznam-z-projednavani-vystavby-vetrneho-parku-vysocina-ze-zasedani-zastupitelstva-mestyse-stonarov-ze-dne-19-3-2025\/","title":{"rendered":"Z\u00e1znam projedn\u00e1v\u00e1n\u00ed v\u00fdstavby V\u011btrn\u00e9ho parku Vyso\u010dina ze zased\u00e1n\u00ed zastupitelstva M\u011bstyse Stona\u0159ov ze dne 19. 3. 2025"},"content":{"rendered":"\n<p><img loading=\"lazy\" decoding=\"async\" height=\"16\" width=\"16\" alt=\"\ud83d\udcfd\" src=\"https:\/\/static.xx.fbcdn.net\/images\/emoji.php\/v9\/ta\/1\/16\/1f4fd.png\"> Z\u00e1znam projedn\u00e1v\u00e1n\u00ed v\u00fdstavby V\u011btrn\u00e9ho parku Vyso\u010dina ze zased\u00e1n\u00ed zastupitelstva M\u011bstyse Stona\u0159ov ze dne 19. 3. 2025.<\/p>\n\n\n\n<p><img loading=\"lazy\" decoding=\"async\" height=\"16\" width=\"16\" alt=\"\ud83d\udd50\" src=\"https:\/\/static.xx.fbcdn.net\/images\/emoji.php\/v9\/ta8\/1\/16\/1f550.png\"> 8:50 Vyhl\u00e1\u0161en\u00ed ankety o roz\u0161\u00ed\u0159en\u00ed v\u011btrn\u00e9ho parku Vyso\u010dina v katastru Stona\u0159ov \u2013 roz\u0161\u00ed\u0159en\u00ed zam\u00edtnuto, p\u0159ijato p\u0159\u00edslu\u0161n\u00e9 usnesen\u00ed zastupitelstva. Vzhledem k aktu\u00e1ln\u00ed textaci smlouvy je ale v podstat\u011b jedno, jak\u00e9 usnesen\u00ed bylo p\u0159ijato.<\/p>\n\n\n\n<p><img loading=\"lazy\" decoding=\"async\" height=\"16\" width=\"16\" alt=\"\ud83d\udd50\" src=\"https:\/\/static.xx.fbcdn.net\/images\/emoji.php\/v9\/ta8\/1\/16\/1f550.png\"> 15:30 Ozn\u00e1men\u00ed z\u00e1m\u011bru dal\u0161\u00edch jedn\u00e1n\u00ed s investorem ohledn\u011b nav\u00fd\u0161en\u00ed \u00faplaty za provoz v\u011btrn\u00fdch elektr\u00e1ren u n\u00e1s. Tohoto kroku j<a><\/a>sme dos\u00e1hli vyvol\u00e1n\u00edm \u0161irok\u00e9 v\u0161eobecn\u00e9 diskuze nejen na soci\u00e1ln\u00edch s\u00edt\u00edch zve\u0159ejn\u011bn\u00edm re\u00e1ln\u00fdch nab\u00eddek z jin\u00fdch obc\u00ed. Veden\u00ed Stona\u0159ova n\u00e1m tedy dalo za pravdu, \u017ee smluvn\u011b dojednan\u00e1 \u00faplata je nedosta\u010duj\u00edc\u00ed.<\/p>\n\n\n\n<p><img loading=\"lazy\" decoding=\"async\" height=\"16\" width=\"16\" alt=\"\ud83d\udd50\" src=\"https:\/\/static.xx.fbcdn.net\/images\/emoji.php\/v9\/ta8\/1\/16\/1f550.png\"> 17:30 Diskuze o dodatku Smlouvy o spolupr\u00e1ci na t\u00e9ma komunitn\u00ed energie. V aktu\u00e1ln\u00ed podob\u011b \u0161ikovn\u011b navr\u017een\u00e9 LCJ Invest, a.s. tento dodatek investora op\u011bt k poskytov\u00e1n\u00ed tzv. komunitn\u00ed energie pr\u00e1vn\u011b nijak nezavazuje. Douf\u00e1me, \u017ee p\u0159ed definitivn\u00edm schv\u00e1len\u00edm jak\u00fdchkoli zm\u011bn ve smlouv\u011b ji\u017e pov\u011b\u0159en\u00ed zastupitel\u00e9 v\u017edy jej\u00ed textaci zkonzultuj\u00ed s nez\u00e1visl\u00fdm pr\u00e1vn\u00edkem.<\/p>\n\n\n\n<p><img loading=\"lazy\" decoding=\"async\" height=\"16\" width=\"16\" alt=\"\ud83d\udd50\" src=\"https:\/\/static.xx.fbcdn.net\/images\/emoji.php\/v9\/ta8\/1\/16\/1f550.png\"> 34:25 Diskuze o dodatc\u00edch smlouvy \u010di dodate\u010dn\u00e9 \u00faprav\u011b parametr\u016f smlouvy a\u017e po jej\u00edm podeps\u00e1n\u00ed \u2013 smlouva nebyla p\u0159ed podpisem ze strany M\u011bstyse Stona\u0159ov podrobena nez\u00e1visl\u00e9 pr\u00e1vn\u00ed anal\u00fdze.<\/p>\n\n\n\n<p><img loading=\"lazy\" decoding=\"async\" height=\"16\" width=\"16\" alt=\"\ud83d\udd50\" src=\"https:\/\/static.xx.fbcdn.net\/images\/emoji.php\/v9\/ta8\/1\/16\/1f550.png\"> 45:00 Diskuze nad ot\u00e1zkami z \u0159ad ob\u010dan\u016f t\u00fdkaj\u00edc\u00ed se v\u00fdb\u011bru investora, povolovac\u00edho \u0159\u00edzen\u00ed a zejm\u00e9na problematick\u00e9 smlouvy o spolupr\u00e1ci uzav\u0159en\u00e9 mezi m\u011bstysem a LCJ Invest a.s. Problematick\u00fdch m\u00edst je ov\u0161em cel\u00e1 \u0159ada a ne v\u0161echna byla projedn\u00e1v\u00e1na. DOPORU\u010cUJEME ZHL\u00c9DNOUT. My se smlouvou budeme d\u00e1le zab\u00fdvat.<\/p>\n\n\n\n<p><img loading=\"lazy\" decoding=\"async\" height=\"16\" width=\"16\" alt=\"\u2753\" src=\"https:\/\/static.xx.fbcdn.net\/images\/emoji.php\/v9\/t4c\/1\/16\/2753.png\">Z\u00e1sadn\u00ed ot\u00e1zky, kter\u00e9 zazn\u011bly:<\/p>\n\n\n\n<p>1. Pro\u010d nebyla provedena nez\u00e1visl\u00e1 pr\u00e1vn\u00ed anal\u00fdza P\u0158ED podpisem smlouvy?<\/p>\n\n\n\n<p>2. Pro\u010d nen\u00ed ve smlouv\u011b \u010dasov\u011b omezen\u00fd r\u00e1mec pro zah\u00e1jen\u00ed provozu VTE?<\/p>\n\n\n\n<p>3. Kolik VTE m\u00e1 investor pr\u00e1vo dle smlouvy postavit a provozovat na \u00fazem\u00ed obce? Pro\u010d nen\u00ed ve smlouv\u011b stanoven konkr\u00e9tn\u00ed po\u010det elektr\u00e1ren, se kter\u00fdmi obec souhlasila?<\/p>\n\n\n\n<p>4. Pro\u010d nen\u00ed smlouvou jasn\u011b vymezen prostor, ve kter\u00e9m s vybudov\u00e1n\u00edm elektr\u00e1ren obec souhlasila dle informac\u00ed p\u0159edest\u0159en\u00fdch ob\u010dan\u016fm v prvn\u00ed anket\u011b?<\/p>\n\n\n\n<p>5. Kde je ve smlouv\u011b zakotveno z\u0159\u00edzen\u00ed rezervn\u00edho fondu a podm\u00ednky jeho fungov\u00e1n\u00ed?<\/p>\n\n\n\n<p>6. Pro\u010d nen\u00ed ve smlouv\u011b uvedeno sdru\u017een\u00ed firem Jipocar jako ru\u010ditel majetku?<\/p>\n\n\n\n<p>7. Je smlouva o spolupr\u00e1ci re\u00e1ln\u011b vypov\u011bditeln\u00e1? Za jak\u00fdch podm\u00ednek?<\/p>\n\n\n\n<p>8. Pro\u010d neprob\u011bhlo ve\u0159ejn\u00e9 v\u00fdb\u011brov\u00e9 \u0159\u00edzen\u00ed na v\u00fdb\u011br investora?<\/p>\n\n\n\n<figure class=\"wp-block-embed is-type-video is-provider-youtube wp-block-embed-youtube wp-embed-aspect-16-9 wp-has-aspect-ratio\"><div class=\"wp-block-embed__wrapper\">\n<iframe loading=\"lazy\" title=\"Projedn\u00e1n\u00ed roz\u0161\u00ed\u0159en\u00ed VTE Stona\u0159ov (20.3.2025)\" width=\"910\" height=\"512\" src=\"https:\/\/www.youtube.com\/embed\/3fUtCsTXOL8?feature=oembed\" frameborder=\"0\" allow=\"accelerometer; autoplay; clipboard-write; encrypted-media; gyroscope; picture-in-picture; web-share\" referrerpolicy=\"strict-origin-when-cross-origin\" allowfullscreen><\/iframe>\n<\/div><\/figure>\n","protected":false},"excerpt":{"rendered":"<p>Z\u00e1znam projedn\u00e1v\u00e1n\u00ed v\u00fdstavby V\u011btrn\u00e9ho parku Vyso\u010dina ze zased\u00e1n\u00ed zastupitelstva M\u011bstyse Stona\u0159ov ze dne 19. 3. 2025. 8:50 Vyhl\u00e1\u0161en\u00ed ankety o<\/p>\n","protected":false},"author":2,"featured_media":110,"comment_status":"open","ping_status":"open","sticky":false,"template":"","format":"standard","meta":{"footnotes":""},"categories":[10],"tags":[],"class_list":["post-205","post","type-post","status-publish","format-standard","has-post-thumbnail","hentry","category-informace"],"_links":{"self":[{"href":"https:\/\/www.vtestonarov.cz\/index.php\/wp-json\/wp\/v2\/posts\/205","targetHints":{"allow":["GET"]}}],"collection":[{"href":"https:\/\/www.vtestonarov.cz\/index.php\/wp-json\/wp\/v2\/posts"}],"about":[{"href":"https:\/\/www.vtestonarov.cz\/index.php\/wp-json\/wp\/v2\/types\/post"}],"author":[{"embeddable":true,"href":"https:\/\/www.vtestonarov.cz\/index.php\/wp-json\/wp\/v2\/users\/2"}],"replies":[{"embeddable":true,"href":"https:\/\/www.vtestonarov.cz\/index.php\/wp-json\/wp\/v2\/comments?post=205"}],"version-history":[{"count":2,"href":"https:\/\/www.vtestonarov.cz\/index.php\/wp-json\/wp\/v2\/posts\/205\/revisions"}],"predecessor-version":[{"id":207,"href":"https:\/\/www.vtestonarov.cz\/index.php\/wp-json\/wp\/v2\/posts\/205\/revisions\/207"}],"wp:featuredmedia":[{"embeddable":true,"href":"https:\/\/www.vtestonarov.cz\/index.php\/wp-json\/wp\/v2\/media\/110"}],"wp:attachment":[{"href":"https:\/\/www.vtestonarov.cz\/index.php\/wp-json\/wp\/v2\/media?parent=205"}],"wp:term":[{"taxonomy":"category","embeddable":true,"href":"https:\/\/www.vtestonarov.cz\/index.php\/wp-json\/wp\/v2\/categories?post=205"},{"taxonomy":"post_tag","embeddable":true,"href":"https:\/\/www.vtestonarov.cz\/index.php\/wp-json\/wp\/v2\/tags?post=205"}],"curies":[{"name":"wp","href":"https:\/\/api.w.org\/{rel}","templated":true}]}}