{"id":208,"date":"2025-04-03T21:44:12","date_gmt":"2025-04-03T21:44:12","guid":{"rendered":"https:\/\/www.vtestonarov.cz\/?p=208"},"modified":"2025-04-16T12:17:07","modified_gmt":"2025-04-16T12:17:07","slug":"zamysleni-nad-vte-2","status":"publish","type":"post","link":"https:\/\/www.vtestonarov.cz\/index.php\/2025\/04\/03\/zamysleni-nad-vte-2\/","title":{"rendered":"Zamy\u0161len\u00ed nad VTE"},"content":{"rendered":"\n<p>Se svolen\u00edm autora sd\u00edl\u00edme zaj\u00edmav\u00e9 zamy\u0161len\u00ed nad OZE. Stoj\u00ed za to p\u0159e\u010d\u00edst si i koment\u00e1\u0159 pod origin\u00e1ln\u00edm textem na profilu <a href=\"https:\/\/www.facebook.com\/martin.soukup.1257\">https:\/\/www.facebook.com\/martin.soukup.1257<\/a><\/p>\n\n\n\n<p>&#8212;&#8212;&#8212;&#8212;&#8212;&#8212;&#8212;&#8212;&#8211;<\/p>\n\n\n\n<p>Moje pozn\u00e1n\u00ed ohledn\u011b OZE ( obnoviteln\u00fdch zdroj\u016f energie) se zna\u010dn\u011b roz\u0161i\u0159uje.<\/p>\n\n\n\n<p>Zde p\u0159in\u00e1\u0161\u00edm dal\u0161\u00ed st\u0159\u00edpek do mozaiky.<\/p>\n\n\n\n<p><a><\/a>\u010cesk\u00e1 republika se vrh\u00e1 do v\u00fdstavby OZE ( j\u00e1 se budu zab\u00fdvat v\u011btrn\u00fdmi elektr\u00e1rnami, ale v\u00edcem\u00e9n\u011b plat\u00ed i pro dal\u0161\u00ed zdroje), p\u0159esto\u017ee m\u00e1me v \u010cR ( zpr\u00e1va z roku 2024) st\u00e1le jej\u00ed p\u0159ebytky a NA\u0160E ELEKTRICK\u00c1 S\u00cd\u0164 NEN\u00cd NA TAKOV\u00c9 ZDROJE P\u0158IPRAVEN\u00c1. Nam\u00edsto promy\u0161len\u00e9ho rozvoje a rozvoje MODERNIZACE S\u00cdT\u011a, plat\u00edme firm\u00e1m za to, \u017ee p\u0159ebyte\u010dnou elekt\u0159inu ,,MA\u0158\u00cd&#8220;.<\/p>\n\n\n\n<p>Uvedu n\u011bkolik d\u016fvod\u016f.<\/p>\n\n\n\n<p>1. POLITIKA A DOTACE M\u00cdSTO ZDRAV\u00c9HO ROZUMU.<\/p>\n\n\n\n<p>EU tla\u010d\u00ed na sni\u017eov\u00e1n\u00ed emis\u00ed a podporuje obnoviteln\u00e9 zdroje \u0161t\u011bdr\u00fdmi dotacemi. \u010cR proto podporuje v\u00fdstavbu v\u011btrn\u00fdch park\u016f i kdy\u017e CHYB\u00cd INFRASTRUKTURA, kter\u00e1 by dok\u00e1zala tuto energii efektivn\u011b vyu\u017e\u00edt. Tato podpora ale taky znamen\u00e1, \u017ee FIRMY NA STAVB\u011a V\u011aTRN\u00cdK\u016e VYD\u011aLAJ\u00cd BEZ OHLEDU NA TO, JESTLI ELEKT\u0158INA Z NICH SKUTE\u010cN\u011a POM\u016e\u017dE STABILIT\u011a S\u00cdT\u011a.<\/p>\n\n\n\n<p>2. SLAB\u00c1 S\u00cd\u0164 A \u017d\u00c1DN\u00c1 CHYTR\u00c1 REGULACE.<\/p>\n\n\n\n<p>\u010cesk\u00e1 p\u0159enosov\u00e1 soustava nen\u00ed p\u0159ipravena na kol\u00edsavou v\u00fdrobu z v\u011btru ani slunce. Nem\u00e1me chytrou s\u00ed\u0165, kter\u00e1 by dok\u00e1zala p\u0159izp\u016fsobit spot\u0159ebu nebo efektivn\u011b rozv\u00e1d\u011bt elekt\u0159inu tam, kde je pot\u0159eba. V\u00fdsledkem je, \u017ee nem\u00e1me kam energii poslat &#8211; a tak j\u00ed rad\u011bji sp\u00e1l\u00edme ( ZMA\u0158\u00cdME) ve F\u00c9NECH, teda oh\u0159\u00edva\u010d\u00edch, kter\u00e9 ji um\u011ble spot\u0159ebuj\u00ed.<\/p>\n\n\n\n<p>Z toho plyne bod 3<\/p>\n\n\n\n<p>NESYSTEMATICK\u00c9 PL\u00c1NOV\u00c1N\u00cd A VY\u0160\u0160\u00cd CENY ELEKT\u0158INY !!!!!!<\/p>\n\n\n\n<p>Nam\u00edsto aby se nejprve investovalo do modernizace s\u00edt\u011b a akumulace energie, CHCEME STAV\u011aT V\u011aTRN\u00c9 PARKY.<\/p>\n\n\n\n<p>Jen\u017ee jejich elekt\u0159inu nem\u00e1me jak vyu\u017e\u00edt, co\u017e paradoxn\u011b vede KE ZVY\u0160OV\u00c1N\u00cd CEN.<\/p>\n\n\n\n<p>Plat\u00edme toti\u017e nejen za samotnou elekt\u0159inu, ale i za jej\u00ed REGULACI, kter\u00e1 je kv\u016fli slab\u00e9 infrastruktu\u0159e DRAH\u00c1.<\/p>\n\n\n\n<p>4. KDO NA TOM TEDA VYD\u011aL\u00c1V\u00c1<\/p>\n\n\n\n<p>Firmy, kter\u00e9 v\u011btrn\u00edky stav\u00ed a politici, kte\u0159\u00ed se mohou pochlubit &#8220; EKOLOGICK\u00ddM POKROKEM&#8220;.<\/p>\n\n\n\n<p>&#8222;Oby\u010dejn\u00ed&#8220; spot\u0159ebitel\u00e9 na tom naopak trat\u00ed, proto\u017ee plat\u00ed za elekt\u0159inu v\u00edce.<\/p>\n\n\n\n<p>MOJE LOGICK\u00c9 POZN\u00c1N\u00cd Z TOHOTO M\u011a VEDE K Z\u00c1V\u011aRU, CO BYCHOM M\u011aLI D\u011aLAT.<\/p>\n\n\n\n<p>Nejd\u0159\u00edv investovat do chytr\u00e9 s\u00edt\u011b a akumulace energie, ne\u017e budeme masov\u011b stav\u011bt v\u011btrn\u00e9 elektr\u00e1rny.<\/p>\n\n\n\n<p>Pl\u00e1novat rozvoj energetiky podle re\u00e1ln\u00fdch pot\u0159eb a technick\u00e9ho z\u00e1zem\u00ed, ne podle dotac\u00ed a politick\u00fdch tlak\u016f.<\/p>\n\n\n\n<p>V sou\u010dasnosti nem\u00e1 \u010cesk\u00e1 s\u00ed\u0165 dostatek n\u00e1stroj\u016f na efektivn\u00ed regulaci a ukl\u00e1d\u00e1n\u00ed p\u0159ebytk\u016f a proto se p\u0159istupuje k opat\u0159en\u00ed &#8211; MA\u0158EN\u00cd ELEKT\u0158INY.<\/p>\n\n\n\n<p>Pokud se neza\u010dne investovat do skute\u010dn\u00fdch chytr\u00fdch \u0159e\u0161en\u00ed, ceny elekt\u0159iny porostou, proto\u017ee l\u00edbiv\u00e9 \u0159e\u0161en\u00ed OZE, jen nakonec zaplat\u00ed koncov\u00ed odb\u011bratel\u00e9.<\/p>\n\n\n\n<p>A to jsme My.<\/p>\n\n\n\n<p>Pozn.<\/p>\n\n\n\n<p>Tohle t\u00e9ma je opravdu rozs\u00e1hl\u00e9.<\/p>\n\n\n\n<p>Sna\u017eil jsem se v\u0161e, co mi p\u0159i\u0161lo jako hodn\u011b d\u016fle\u017eit\u00e9, zde popsat.<\/p>\n\n\n\n<p>Ale v\u011b\u0159te mi, je toho mnohem, mnohem v\u00edc.<\/p>\n\n\n\n<p>J\u00e1 osobn\u011b abych se v tom &#8220; neutopil&#8220;, tak si rozd\u011bluju pro sebe toto pozn\u00e1n\u00ed do kategori\u00ed.<\/p>\n\n\n\n<p>MOR\u00c1LN\u00cd, TECHNICK\u00c9 A EKONOMICK\u00c9.<\/p>\n\n\n\n<p>Tyto kategorie si potom rozd\u011bluju do podkategori\u00ed a ty potom p\u0159i\u0159azuju k t\u011bm hlavn\u00edm.<img loading=\"lazy\" decoding=\"async\" height=\"16\" width=\"16\" alt=\"\ud83d\ude42\" src=\"https:\/\/static.xx.fbcdn.net\/images\/emoji.php\/v9\/t4c\/1\/16\/1f642.png\"><\/p>\n\n\n\n<p>Martin Soukup<\/p>\n","protected":false},"excerpt":{"rendered":"<p>Se svolen\u00edm autora sd\u00edl\u00edme zaj\u00edmav\u00e9 zamy\u0161len\u00ed nad OZE. Stoj\u00ed za to p\u0159e\u010d\u00edst si i koment\u00e1\u0159 pod origin\u00e1ln\u00edm textem na profilu<\/p>\n","protected":false},"author":2,"featured_media":102,"comment_status":"open","ping_status":"open","sticky":false,"template":"","format":"standard","meta":{"footnotes":""},"categories":[5],"tags":[],"class_list":["post-208","post","type-post","status-publish","format-standard","has-post-thumbnail","hentry","category-nazory"],"_links":{"self":[{"href":"https:\/\/www.vtestonarov.cz\/index.php\/wp-json\/wp\/v2\/posts\/208","targetHints":{"allow":["GET"]}}],"collection":[{"href":"https:\/\/www.vtestonarov.cz\/index.php\/wp-json\/wp\/v2\/posts"}],"about":[{"href":"https:\/\/www.vtestonarov.cz\/index.php\/wp-json\/wp\/v2\/types\/post"}],"author":[{"embeddable":true,"href":"https:\/\/www.vtestonarov.cz\/index.php\/wp-json\/wp\/v2\/users\/2"}],"replies":[{"embeddable":true,"href":"https:\/\/www.vtestonarov.cz\/index.php\/wp-json\/wp\/v2\/comments?post=208"}],"version-history":[{"count":1,"href":"https:\/\/www.vtestonarov.cz\/index.php\/wp-json\/wp\/v2\/posts\/208\/revisions"}],"predecessor-version":[{"id":209,"href":"https:\/\/www.vtestonarov.cz\/index.php\/wp-json\/wp\/v2\/posts\/208\/revisions\/209"}],"wp:featuredmedia":[{"embeddable":true,"href":"https:\/\/www.vtestonarov.cz\/index.php\/wp-json\/wp\/v2\/media\/102"}],"wp:attachment":[{"href":"https:\/\/www.vtestonarov.cz\/index.php\/wp-json\/wp\/v2\/media?parent=208"}],"wp:term":[{"taxonomy":"category","embeddable":true,"href":"https:\/\/www.vtestonarov.cz\/index.php\/wp-json\/wp\/v2\/categories?post=208"},{"taxonomy":"post_tag","embeddable":true,"href":"https:\/\/www.vtestonarov.cz\/index.php\/wp-json\/wp\/v2\/tags?post=208"}],"curies":[{"name":"wp","href":"https:\/\/api.w.org\/{rel}","templated":true}]}}