{"id":210,"date":"2025-04-09T21:52:26","date_gmt":"2025-04-09T21:52:26","guid":{"rendered":"https:\/\/www.vtestonarov.cz\/?p=210"},"modified":"2025-04-16T12:16:27","modified_gmt":"2025-04-16T12:16:27","slug":"co-se-deje-ve-svete","status":"publish","type":"post","link":"https:\/\/www.vtestonarov.cz\/index.php\/2025\/04\/09\/co-se-deje-ve-svete\/","title":{"rendered":"Co se d\u011bje ve sv\u011bt\u011b?"},"content":{"rendered":"\n<p><img loading=\"lazy\" decoding=\"async\" height=\"16\" width=\"16\" alt=\"\ud83d\udea8\" src=\"https:\/\/static.xx.fbcdn.net\/images\/emoji.php\/v9\/t45\/1\/16\/1f6a8.png\"> Soud ve Francii: STOP v\u011btrn\u00e9 farm\u011b kv\u016fli masivn\u00edmu \u00fahynu ptactva!<\/p>\n\n\n\n<p>V\u011btrn\u00e9 elektr\u00e1rny nejsou v\u017edy tak \u201ezelen\u00e9\u201c, jak se tv\u00e1\u0159\u00ed. <img loading=\"lazy\" decoding=\"async\" height=\"16\" width=\"16\" alt=\"\u26a0\ufe0f\" src=\"https:\/\/static.xx.fbcdn.net\/images\/emoji.php\/v9\/tdc\/1\/16\/26a0.png\"> Francouzsk\u00fd soud te\u010f na\u0159\u00eddil okam\u017eit\u00e9 zastaven\u00ed provozu 31 turb\u00edn, proto\u017ee zp\u016fsobily smrt v\u00edce ne\u017e 160 chr\u00e1n\u011bn\u00fdch pt\u00e1k\u016f a netop\u00fdr\u016f \u2013 v\u010detn\u011b ohro\u017een\u00e9 po\u0161tolky ji\u017en\u00ed. <img loading=\"lazy\" decoding=\"async\" height=\"16\" width=\"16\" alt=\"\ud83e\udd85\" src=\"https:\/\/static.xx.fbcdn.net\/images\/emoji.php\/v9\/te\/1\/16\/1f985.png\"><\/p>\n\n\n\n<p><img loading=\"lazy\" decoding=\"async\" height=\"16\" width=\"16\" alt=\"\ud83d\udc49\" src=\"https:\/\/static.xx.fbcdn.net\/images\/emoji.php\/v9\/t51\/1\/16\/1f449.png\"> 10 firem dostalo p\u016flmilionovou pokutu, \u0161\u00e9f EDF navrch osobn\u00ed trest a pokutu 100 000 \u20ac. A to nen\u00ed v\u0161e \u2013 firmy mus\u00ed verdikt zve\u0159ejnit ve francouzsk\u00fdch m\u00e9di\u00edch, aby ve\u0159ejnost v\u011bd\u011bla, co s<a><\/a>e opravdu d\u011bje.<\/p>\n\n\n\n<p><img loading=\"lazy\" decoding=\"async\" height=\"16\" width=\"16\" alt=\"\u2757\ufe0f\" src=\"https:\/\/static.xx.fbcdn.net\/images\/emoji.php\/v9\/t50\/1\/16\/2757.png\">U n\u00e1s se stav\u00ed podobn\u00e9 projekty \u2013 a p\u0159itom st\u00e1le chyb\u00ed jasn\u00e9 odpov\u011bdi:<\/p>\n\n\n\n<p><img loading=\"lazy\" decoding=\"async\" height=\"16\" width=\"16\" alt=\"\ud83d\udcc9\" src=\"https:\/\/static.xx.fbcdn.net\/images\/emoji.php\/v9\/t82\/1\/16\/1f4c9.png\"> Kde jsou ekologick\u00e9 posudky?<\/p>\n\n\n\n<p><img loading=\"lazy\" decoding=\"async\" height=\"16\" width=\"16\" alt=\"\ud83d\udcc9\" src=\"https:\/\/static.xx.fbcdn.net\/images\/emoji.php\/v9\/t82\/1\/16\/1f4c9.png\"> Kdo nese odpov\u011bdnost za rizika?<\/p>\n\n\n\n<p><img loading=\"lazy\" decoding=\"async\" height=\"16\" width=\"16\" alt=\"\ud83d\udcc9\" src=\"https:\/\/static.xx.fbcdn.net\/images\/emoji.php\/v9\/t82\/1\/16\/1f4c9.png\"> Jak\u00e9 druhy zv\u00ed\u0159at a ptactva jsou ve Stona\u0159ov\u011b ohro\u017eeny?<\/p>\n\n\n\n<p><img loading=\"lazy\" decoding=\"async\" height=\"16\" width=\"16\" alt=\"\ud83d\udce3\" src=\"https:\/\/static.xx.fbcdn.net\/images\/emoji.php\/v9\/tba\/1\/16\/1f4e3.png\"> Tohle nen\u00ed stra\u0161en\u00ed. Tohle je realita, kter\u00e1 se pr\u00e1v\u011b d\u011bje.<\/p>\n\n\n\n<p>Nenechme se obalamutit fr\u00e1zemi o \u201e\u010dist\u00e9 energii\u201c, kdy\u017e hroz\u00ed nevratn\u00e9 \u0161kody na p\u0159\u00edrod\u011b.<\/p>\n\n\n\n<p><img loading=\"lazy\" decoding=\"async\" height=\"16\" width=\"16\" alt=\"\ud83d\udcd6\" src=\"https:\/\/static.xx.fbcdn.net\/images\/emoji.php\/v9\/t9e\/1\/16\/1f4d6.png\"> \u010cl\u00e1nek zde:<\/p>\n\n\n\n<p><a href=\"https:\/\/www.irozhlas.cz\/zpravy-svet\/francouzsky-soud-pozastavil-provoz-vetrne-elektrarny-kvuli-ochrane-ptaku-mela_2504072342_elev?fbclid=IwY2xjawJrs2BleHRuA2FlbQIxMQABHr1kUtHmy2NXGV6KAcvg-14q6NjVOIdEoAZ9qAm2DmvvCsTNISCXWTerq7rQ_aem__lV46ufXcLa2MEAOEpYHDA\">https:\/\/www.irozhlas.cz\/zpravy-svet\/francouzsky-soud-pozastavil-provoz-vetrne-elektrarny-kvuli-ochrane-ptaku-mela_2504072342_elev?fbclid=IwY2xjawJrs2BleHRuA2FlbQIxMQABHr1kUtHmy2NXGV6KAcvg-14q6NjVOIdEoAZ9qAm2DmvvCsTNISCXWTerq7rQ_aem__lV46ufXcLa2MEAOEpYHDA<\/a><\/p>\n","protected":false},"excerpt":{"rendered":"<p>Soud ve Francii: STOP v\u011btrn\u00e9 farm\u011b kv\u016fli masivn\u00edmu \u00fahynu ptactva! V\u011btrn\u00e9 elektr\u00e1rny nejsou v\u017edy tak \u201ezelen\u00e9\u201c, jak se tv\u00e1\u0159\u00ed. Francouzsk\u00fd<\/p>\n","protected":false},"author":2,"featured_media":211,"comment_status":"open","ping_status":"open","sticky":false,"template":"","format":"standard","meta":{"footnotes":""},"categories":[10,8,9],"tags":[],"class_list":["post-210","post","type-post","status-publish","format-standard","has-post-thumbnail","hentry","category-informace","category-priroda","category-vlivy"],"_links":{"self":[{"href":"https:\/\/www.vtestonarov.cz\/index.php\/wp-json\/wp\/v2\/posts\/210","targetHints":{"allow":["GET"]}}],"collection":[{"href":"https:\/\/www.vtestonarov.cz\/index.php\/wp-json\/wp\/v2\/posts"}],"about":[{"href":"https:\/\/www.vtestonarov.cz\/index.php\/wp-json\/wp\/v2\/types\/post"}],"author":[{"embeddable":true,"href":"https:\/\/www.vtestonarov.cz\/index.php\/wp-json\/wp\/v2\/users\/2"}],"replies":[{"embeddable":true,"href":"https:\/\/www.vtestonarov.cz\/index.php\/wp-json\/wp\/v2\/comments?post=210"}],"version-history":[{"count":1,"href":"https:\/\/www.vtestonarov.cz\/index.php\/wp-json\/wp\/v2\/posts\/210\/revisions"}],"predecessor-version":[{"id":212,"href":"https:\/\/www.vtestonarov.cz\/index.php\/wp-json\/wp\/v2\/posts\/210\/revisions\/212"}],"wp:featuredmedia":[{"embeddable":true,"href":"https:\/\/www.vtestonarov.cz\/index.php\/wp-json\/wp\/v2\/media\/211"}],"wp:attachment":[{"href":"https:\/\/www.vtestonarov.cz\/index.php\/wp-json\/wp\/v2\/media?parent=210"}],"wp:term":[{"taxonomy":"category","embeddable":true,"href":"https:\/\/www.vtestonarov.cz\/index.php\/wp-json\/wp\/v2\/categories?post=210"},{"taxonomy":"post_tag","embeddable":true,"href":"https:\/\/www.vtestonarov.cz\/index.php\/wp-json\/wp\/v2\/tags?post=210"}],"curies":[{"name":"wp","href":"https:\/\/api.w.org\/{rel}","templated":true}]}}