{"id":222,"date":"2025-04-17T09:25:13","date_gmt":"2025-04-17T09:25:13","guid":{"rendered":"https:\/\/www.vtestonarov.cz\/?p=222"},"modified":"2025-05-19T18:57:05","modified_gmt":"2025-05-19T18:57:05","slug":"jde-to-i-jinak","status":"publish","type":"post","link":"https:\/\/www.vtestonarov.cz\/index.php\/2025\/04\/17\/jde-to-i-jinak\/","title":{"rendered":"\ud83d\udfe2 JDE TO I JINAK! \ud83d\udfe2"},"content":{"rendered":"\n<p>Obec Slezsk\u00e9 Rudoltice ukazuje, \u017ee kdy\u017e se chce, tak to jde.<\/p>\n\n\n\n<p>Ne\u017e k\u00fdvli na v\u011btrn\u00e9 elektr\u00e1rny, nechali si navrhovanou smlouvu s investorem prov\u011b\u0159it pr\u00e1vn\u00edky. V\u00fdsledek? Smlouva byla nev\u00fdhodn\u00e1 pro obec a jej\u00ed obyvatele. A tak ji odm\u00edtli.<\/p>\n\n\n\n<p>\ud83d\udccc Tento zodpov\u011bdn\u00fd p\u0159\u00edstup je p\u0159esn\u011b v souladu s metodikou Ministerstva pro m\u00edstn\u00ed rozvoj:<br>\ud83e\uddd1\u200d\u2696\ufe0f \u27a1\ufe0f Ne\u017e n\u011bco podep\u00ed\u0161ete, pora\u010fte se s pr\u00e1vn\u00edky.<br>\ud83d\udc65 \u27a1\ufe0f Myslete na ve\u0159ejn\u00fd z\u00e1jem, ne na tlak investor\u016f.<\/p>\n\n\n\n<p>\ud83d\udd0d A te\u010f si polo\u017eme ot\u00e1zku \u2013 pro\u010d se n\u011bco podobn\u00e9ho ned\u011bje v\u0161ude? A smlouva s investorem nen\u00ed v\u017edy konzultov\u00e1na s odborn\u00edky?<br>Pro\u010d o n\u00ed zastupitel\u00e9 nev\u011bd\u011bli v\u00edc, kdy\u017e \u0161lo o tak z\u00e1sadn\u00ed rozhodnut\u00ed?<\/p>\n\n\n\n<p>\ud83d\udcac Zaslou\u017e\u00edme si lep\u0161\u00ed p\u0159\u00edstup. Zaslou\u017e\u00edme si informace. Zaslou\u017e\u00edme si rozhodov\u00e1n\u00ed s odpov\u011bdnost\u00ed.<\/p>\n\n\n\n<p>\ud83d\udcd6 P\u0159e\u010dt\u011bte si cel\u00fd \u010dl\u00e1nek na iROZHLAS:<br>\ud83d\udc49 <a href=\"https:\/\/www.irozhlas.cz\/zpravy-domov\/obce-na-bruntalsku-resi-vystavbu-vetrnych-elektraren-mistni-se-bouri-vetrniky_2504071050_mst\">https:\/\/www.irozhlas.cz\/zpravy-domov\/obce-na-bruntalsku-resi-vystavbu-vetrnych-elektraren-mistni-se-bouri-vetrniky_2504071050_mst<\/a><\/p>\n\n\n\n<p>\ud83d\udce2 Sd\u00edlejte a dejte v\u011bd\u011bt ostatn\u00edm, \u017ee transparentnost a pr\u00e1vn\u00ed jistota nejsou p\u0159epych \u2013 jsou to z\u00e1klady f\u00e9rov\u00e9ho rozhodov\u00e1n\u00ed.<\/p>\n","protected":false},"excerpt":{"rendered":"<p>Obec Slezsk\u00e9 Rudoltice ukazuje, \u017ee kdy\u017e se chce, tak to jde. Ne\u017e k\u00fdvli na v\u011btrn\u00e9 elektr\u00e1rny, nechali si navrhovanou smlouvu<\/p>\n","protected":false},"author":2,"featured_media":223,"comment_status":"open","ping_status":"open","sticky":false,"template":"","format":"standard","meta":{"footnotes":""},"categories":[10],"tags":[],"class_list":["post-222","post","type-post","status-publish","format-standard","has-post-thumbnail","hentry","category-informace"],"_links":{"self":[{"href":"https:\/\/www.vtestonarov.cz\/index.php\/wp-json\/wp\/v2\/posts\/222","targetHints":{"allow":["GET"]}}],"collection":[{"href":"https:\/\/www.vtestonarov.cz\/index.php\/wp-json\/wp\/v2\/posts"}],"about":[{"href":"https:\/\/www.vtestonarov.cz\/index.php\/wp-json\/wp\/v2\/types\/post"}],"author":[{"embeddable":true,"href":"https:\/\/www.vtestonarov.cz\/index.php\/wp-json\/wp\/v2\/users\/2"}],"replies":[{"embeddable":true,"href":"https:\/\/www.vtestonarov.cz\/index.php\/wp-json\/wp\/v2\/comments?post=222"}],"version-history":[{"count":1,"href":"https:\/\/www.vtestonarov.cz\/index.php\/wp-json\/wp\/v2\/posts\/222\/revisions"}],"predecessor-version":[{"id":225,"href":"https:\/\/www.vtestonarov.cz\/index.php\/wp-json\/wp\/v2\/posts\/222\/revisions\/225"}],"wp:featuredmedia":[{"embeddable":true,"href":"https:\/\/www.vtestonarov.cz\/index.php\/wp-json\/wp\/v2\/media\/223"}],"wp:attachment":[{"href":"https:\/\/www.vtestonarov.cz\/index.php\/wp-json\/wp\/v2\/media?parent=222"}],"wp:term":[{"taxonomy":"category","embeddable":true,"href":"https:\/\/www.vtestonarov.cz\/index.php\/wp-json\/wp\/v2\/categories?post=222"},{"taxonomy":"post_tag","embeddable":true,"href":"https:\/\/www.vtestonarov.cz\/index.php\/wp-json\/wp\/v2\/tags?post=222"}],"curies":[{"name":"wp","href":"https:\/\/api.w.org\/{rel}","templated":true}]}}