{"id":278,"date":"2025-06-15T20:04:46","date_gmt":"2025-06-15T20:04:46","guid":{"rendered":"https:\/\/www.vtestonarov.cz\/?p=278"},"modified":"2025-06-24T20:06:37","modified_gmt":"2025-06-24T20:06:37","slug":"sber-podpisu-pro-vyhlaseni-mistniho-referenda","status":"publish","type":"post","link":"https:\/\/www.vtestonarov.cz\/index.php\/2025\/06\/15\/sber-podpisu-pro-vyhlaseni-mistniho-referenda\/","title":{"rendered":"Sb\u011br podpis\u016f pro vyhl\u00e1\u0161en\u00ed m\u00edstn\u00edho referenda"},"content":{"rendered":"\n<p>V\u00e1\u017een\u00ed spoluob\u010dan\u00e9 a p\u0159\u00e1tel\u00e9,<\/p>\n\n\n\n<p><img loading=\"lazy\" decoding=\"async\" height=\"16\" width=\"16\" alt=\"\u2049\ufe0f\" src=\"https:\/\/static.xx.fbcdn.net\/images\/emoji.php\/v9\/tec\/1\/16\/2049.png\">\u010dasto se na n\u00e1s obrac\u00edte s dotazy, kdy budeme sb\u00edrat podpisy pod petici za vyhl\u00e1\u0161en\u00ed referenda. V\u00e1\u0161 z\u00e1jem n\u00e1s t\u011b\u0161\u00ed a d\u011bkujeme za n\u011bj.<\/p>\n\n\n\n<p>Nemus\u00edte se b\u00e1t \u2013 sb\u011br podpis\u016f u\u017e prob\u00edh\u00e1. <img loading=\"lazy\" decoding=\"async\" height=\"16\" width=\"16\" alt=\"\ud83d\udcc3\" src=\"https:\/\/static.xx.fbcdn.net\/images\/emoji.php\/v9\/t7c\/1\/16\/1f4c3.png\"> Obch\u016fzky po obci jsme rozd\u011blili do n\u011bkolika sektor\u016f a \u010dasov\u00fdch etap, abychom v\u0161e zvl\u00e1dli co nejl\u00e9pe. Pros\u00edme proto o trp\u011blivost \u2013 ke ka\u017ed\u00e9mu z V\u00e1s se postupn\u011b dostaneme.<\/p>\n\n\n\n<p><img loading=\"lazy\" decoding=\"async\" height=\"16\" width=\"16\" alt=\"\u231b\ufe0f\" src=\"https:\/\/static.xx.fbcdn.net\/images\/emoji.php\/v9\/t7b\/1\/16\/231b.png\">Pokud byste se cht\u011bli pod petici podepsat d\u0159\u00edve, ne\u017e V\u00e1s oslov\u00edme my, nev\u00e1hejte n\u00e1s kontaktovat <a><\/a>e-mailem na adrese info@vtestonarov.cz.<\/p>\n\n\n\n<p><img loading=\"lazy\" decoding=\"async\" height=\"16\" width=\"16\" alt=\"\ud83d\udccd\" src=\"https:\/\/static.xx.fbcdn.net\/images\/emoji.php\/v9\/t2d\/1\/16\/1f4cd.png\">R\u00e1di bychom se tak\u00e9 pod\u011blili o prvn\u00ed dojmy ze sb\u011bru podpis\u016f.<\/p>\n\n\n\n<p>U n\u011bkter\u00fdch spoluob\u010dan\u016f, kte\u0159\u00ed aktivn\u011b podporuj\u00ed v\u00fdstavbu VTE, n\u00e1s nep\u0159ekvapilo, \u017ee na\u0161e n\u00e1v\u0161t\u011bva nevzbudila zrovna nad\u0161en\u00ed \u2013 s t\u00edm samoz\u0159ejm\u011b po\u010d\u00edt\u00e1me.<\/p>\n\n\n\n<p>K zamy\u0161len\u00ed n\u00e1s v\u0161ak vedou situace, kdy s n\u00e1mi osloven\u00ed soused\u00e9 sice souhlas\u00ed a v\u00fdstavbu v\u011btrn\u00e9ho parku v bl\u00edzkosti obce si nep\u0159ej\u00ed, p\u0159esto petici nepodep\u00ed\u0161\u00ed s od\u016fvodn\u011bn\u00edm, \u017ee se boj\u00ed mo\u017en\u00e9ho ostouzen\u00ed, probl\u00e9m\u016f v r\u00e1mci spolk\u016f nebo projev\u016f nevole ze strany obce.<\/p>\n\n\n\n<p><img loading=\"lazy\" decoding=\"async\" height=\"16\" width=\"16\" alt=\"\ud83e\udd7a\" src=\"https:\/\/static.xx.fbcdn.net\/images\/emoji.php\/v9\/t9b\/1\/16\/1f97a.png\">Smutn\u00e9, \u017ee? <img loading=\"lazy\" decoding=\"async\" height=\"16\" width=\"16\" alt=\"\ud83e\udd7a\" src=\"https:\/\/static.xx.fbcdn.net\/images\/emoji.php\/v9\/t9b\/1\/16\/1f97a.png\"><\/p>\n\n\n\n<p>Spolky p\u0159ece tvo\u0159\u00ed lid\u00e9 zap\u00e1len\u00ed pro spole\u010dnou v\u011bc a rozd\u00edln\u00e9 n\u00e1zory by nem\u011bly ohrozit jejich soudr\u017enost ani chu\u0165 pracovat pro obec. Podpora spolk\u016f je a bude prioritou ka\u017ed\u00e9ho veden\u00ed obce \u2013 a\u0165 u\u017e v\u011btrn\u00fd park vznikne, nebo ne.<\/p>\n\n\n\n<p><img loading=\"lazy\" decoding=\"async\" height=\"16\" width=\"16\" alt=\"\u2764\ufe0f\" src=\"https:\/\/static.xx.fbcdn.net\/images\/emoji.php\/v9\/t6c\/1\/16\/2764.png\">Proto nen\u00ed d\u016fvod b\u00e1t se \u0159\u00edct sv\u016fj n\u00e1zor. <img loading=\"lazy\" decoding=\"async\" height=\"16\" width=\"16\" alt=\"\u2764\ufe0f\" src=\"https:\/\/static.xx.fbcdn.net\/images\/emoji.php\/v9\/t6c\/1\/16\/2764.png\"><\/p>\n\n\n\n<p><img loading=\"lazy\" decoding=\"async\" height=\"16\" width=\"16\" alt=\"\u261d\ufe0f\" src=\"https:\/\/static.xx.fbcdn.net\/images\/emoji.php\/v9\/t40\/1\/16\/261d.png\">Doba, kdy se ml\u010delo ze strachu, je \u2013 doufejme \u2013 i ve Stona\u0159ov\u011b u\u017e pry\u010d.<\/p>\n","protected":false},"excerpt":{"rendered":"<p>V\u00e1\u017een\u00ed spoluob\u010dan\u00e9 a p\u0159\u00e1tel\u00e9, \u010dasto se na n\u00e1s obrac\u00edte s dotazy, kdy budeme sb\u00edrat podpisy pod petici za vyhl\u00e1\u0161en\u00ed referenda.<\/p>\n","protected":false},"author":2,"featured_media":267,"comment_status":"open","ping_status":"open","sticky":false,"template":"","format":"standard","meta":{"footnotes":""},"categories":[10],"tags":[],"class_list":["post-278","post","type-post","status-publish","format-standard","has-post-thumbnail","hentry","category-informace"],"_links":{"self":[{"href":"https:\/\/www.vtestonarov.cz\/index.php\/wp-json\/wp\/v2\/posts\/278","targetHints":{"allow":["GET"]}}],"collection":[{"href":"https:\/\/www.vtestonarov.cz\/index.php\/wp-json\/wp\/v2\/posts"}],"about":[{"href":"https:\/\/www.vtestonarov.cz\/index.php\/wp-json\/wp\/v2\/types\/post"}],"author":[{"embeddable":true,"href":"https:\/\/www.vtestonarov.cz\/index.php\/wp-json\/wp\/v2\/users\/2"}],"replies":[{"embeddable":true,"href":"https:\/\/www.vtestonarov.cz\/index.php\/wp-json\/wp\/v2\/comments?post=278"}],"version-history":[{"count":1,"href":"https:\/\/www.vtestonarov.cz\/index.php\/wp-json\/wp\/v2\/posts\/278\/revisions"}],"predecessor-version":[{"id":279,"href":"https:\/\/www.vtestonarov.cz\/index.php\/wp-json\/wp\/v2\/posts\/278\/revisions\/279"}],"wp:featuredmedia":[{"embeddable":true,"href":"https:\/\/www.vtestonarov.cz\/index.php\/wp-json\/wp\/v2\/media\/267"}],"wp:attachment":[{"href":"https:\/\/www.vtestonarov.cz\/index.php\/wp-json\/wp\/v2\/media?parent=278"}],"wp:term":[{"taxonomy":"category","embeddable":true,"href":"https:\/\/www.vtestonarov.cz\/index.php\/wp-json\/wp\/v2\/categories?post=278"},{"taxonomy":"post_tag","embeddable":true,"href":"https:\/\/www.vtestonarov.cz\/index.php\/wp-json\/wp\/v2\/tags?post=278"}],"curies":[{"name":"wp","href":"https:\/\/api.w.org\/{rel}","templated":true}]}}