{"id":328,"date":"2025-08-04T22:22:00","date_gmt":"2025-08-04T22:22:00","guid":{"rendered":"https:\/\/www.vtestonarov.cz\/?p=328"},"modified":"2025-09-03T22:25:13","modified_gmt":"2025-09-03T22:25:13","slug":"reakce-na-clanek-slovo-starosty","status":"publish","type":"post","link":"https:\/\/www.vtestonarov.cz\/index.php\/2025\/08\/04\/reakce-na-clanek-slovo-starosty\/","title":{"rendered":"Reakce na \u010dl\u00e1nek Slovo starosty"},"content":{"rendered":"\n<p>V\u00e1\u017een\u00ed spoluob\u010dan\u00e9 a kamar\u00e1di,<\/p>\n\n\n\n<p>n\u00ed\u017ee V\u00e1m nab\u00edz\u00edme na\u0161i reakci na \u010dl\u00e1nek Slovo starosty zve\u0159ejn\u011bn\u00fd v \u010dervnov\u00e9m vyd\u00e1n\u00ed Stona\u0159ovsk\u00e9ho zpravodaje.<img loading=\"lazy\" decoding=\"async\" height=\"16\" width=\"16\" alt=\"\ud83d\udcdc\" src=\"https:\/\/static.xx.fbcdn.net\/images\/emoji.php\/v9\/t4b\/1\/16\/1f4dc.png\"><\/p>\n\n\n\n<p><img loading=\"lazy\" decoding=\"async\" height=\"16\" width=\"16\" alt=\"\ud83d\udcec\" src=\"https:\/\/static.xx.fbcdn.net\/images\/emoji.php\/v9\/tea\/1\/16\/1f4ec.png\"> Tuto na\u0161i reakci jsme ve stejn\u00e9m zn\u011bn\u00ed zaslali tak\u00e9 veden\u00ed obce s po\u017eadavkem na zve\u0159ejn\u011bn\u00ed v n\u00e1sleduj\u00edc\u00edm, z\u00e1\u0159ijov\u00e9m \u010d\u00edsle Stona\u0159ovsk\u00e9ho zpravodaje.<\/p>\n\n\n\n<p><img loading=\"lazy\" decoding=\"async\" height=\"16\" width=\"16\" alt=\"\ud83d\udd75\ufe0f\" src=\"https:\/\/static.xx.fbcdn.net\/images\/emoji.php\/v9\/t6b\/1\/16\/1f575.png\"> J<a><\/a>sme p\u0159esv\u011bd\u010deni, \u017ee v tiskovin\u00e1ch financovan\u00fdch z ve\u0159ejn\u00fdch prost\u0159edk\u016f by m\u011bl b\u00fdt vyhrazen prostor i pro \u0161ir\u0161\u00ed spektrum n\u00e1zor\u016f (nejen) k tematice VTE, ne\u017eli jsou pouze n\u00e1zory veden\u00ed obce, pota\u017emo investora. Z\u00e1rove\u0148 by m\u011bl b\u00fdt poskytnut prostor pro reakce ke zve\u0159ej\u0148ovan\u00fdm \u010dl\u00e1nk\u016fm, obzvl\u00e1\u0161t\u011b pak, pokud se t\u00fdkaj\u00ed p\u016fsoben\u00ed konkr\u00e9tn\u00edch osob \u010di skupin, v tomto p\u0159\u00edpad\u011b na\u0161\u00ed skupiny VTE Stona\u0159ov. <img loading=\"lazy\" decoding=\"async\" height=\"16\" width=\"16\" alt=\"\ud83e\udd39\" src=\"https:\/\/static.xx.fbcdn.net\/images\/emoji.php\/v9\/tf7\/1\/16\/1f939.png\"><\/p>\n\n\n\n<p><img loading=\"lazy\" decoding=\"async\" height=\"16\" width=\"16\" alt=\"\ud83c\udfa8\" src=\"https:\/\/static.xx.fbcdn.net\/images\/emoji.php\/v9\/t82\/1\/16\/1f3a8.png\"> V minulosti jsme byli na\u0159\u010deni, \u017ee pro komunikaci s ob\u010dany pou\u017e\u00edv\u00e1me pochybn\u00e9 internetov\u00e9 kan\u00e1ly, jako nap\u0159\u00edklad FB. P\u0159edpokl\u00e1d\u00e1me tedy, \u017ee veden\u00ed obce n\u00e1m poskytne dostatek prostoru v obecn\u00edm zpravodaji tak, aby paleta informac\u00ed a informa\u010dn\u00edch platforem byla co nejpest\u0159ej\u0161\u00ed.<\/p>\n\n\n\n<p>Nech\u00e1me se tedy p\u0159ekvapit, zda jsou ve Stona\u0159ov\u011b st\u00e1le uplat\u0148ov\u00e1ny demokratick\u00e9 principy.<img loading=\"lazy\" decoding=\"async\" height=\"16\" width=\"16\" alt=\"\ud83d\udca1\" src=\"https:\/\/static.xx.fbcdn.net\/images\/emoji.php\/v9\/t3c\/1\/16\/1f4a1.png\"><\/p>\n\n\n\n<figure class=\"wp-block-image size-large\"><img loading=\"lazy\" decoding=\"async\" width=\"724\" height=\"1024\" src=\"https:\/\/www.vtestonarov.cz\/wp-content\/uploads\/2025\/09\/reakce-01-724x1024.jpg\" alt=\"\" class=\"wp-image-329\" srcset=\"https:\/\/www.vtestonarov.cz\/wp-content\/uploads\/2025\/09\/reakce-01-724x1024.jpg 724w, https:\/\/www.vtestonarov.cz\/wp-content\/uploads\/2025\/09\/reakce-01-212x300.jpg 212w, https:\/\/www.vtestonarov.cz\/wp-content\/uploads\/2025\/09\/reakce-01-768x1086.jpg 768w, https:\/\/www.vtestonarov.cz\/wp-content\/uploads\/2025\/09\/reakce-01-1086x1536.jpg 1086w, https:\/\/www.vtestonarov.cz\/wp-content\/uploads\/2025\/09\/reakce-01.jpg 1448w\" sizes=\"auto, (max-width: 724px) 100vw, 724px\" \/><\/figure>\n\n\n\n<figure class=\"wp-block-image size-large\"><img loading=\"lazy\" decoding=\"async\" width=\"724\" height=\"1024\" src=\"https:\/\/www.vtestonarov.cz\/wp-content\/uploads\/2025\/09\/reakce-02-724x1024.jpg\" alt=\"\" class=\"wp-image-330\" srcset=\"https:\/\/www.vtestonarov.cz\/wp-content\/uploads\/2025\/09\/reakce-02-724x1024.jpg 724w, https:\/\/www.vtestonarov.cz\/wp-content\/uploads\/2025\/09\/reakce-02-212x300.jpg 212w, https:\/\/www.vtestonarov.cz\/wp-content\/uploads\/2025\/09\/reakce-02-768x1086.jpg 768w, https:\/\/www.vtestonarov.cz\/wp-content\/uploads\/2025\/09\/reakce-02-1086x1536.jpg 1086w, https:\/\/www.vtestonarov.cz\/wp-content\/uploads\/2025\/09\/reakce-02.jpg 1448w\" sizes=\"auto, (max-width: 724px) 100vw, 724px\" \/><\/figure>\n","protected":false},"excerpt":{"rendered":"<p>V\u00e1\u017een\u00ed spoluob\u010dan\u00e9 a kamar\u00e1di, n\u00ed\u017ee V\u00e1m nab\u00edz\u00edme na\u0161i reakci na \u010dl\u00e1nek Slovo starosty zve\u0159ejn\u011bn\u00fd v \u010dervnov\u00e9m vyd\u00e1n\u00ed Stona\u0159ovsk\u00e9ho zpravodaje. Tuto<\/p>\n","protected":false},"author":2,"featured_media":331,"comment_status":"open","ping_status":"open","sticky":false,"template":"","format":"standard","meta":{"footnotes":""},"categories":[1],"tags":[],"class_list":["post-328","post","type-post","status-publish","format-standard","has-post-thumbnail","hentry","category-uncategorized"],"_links":{"self":[{"href":"https:\/\/www.vtestonarov.cz\/index.php\/wp-json\/wp\/v2\/posts\/328","targetHints":{"allow":["GET"]}}],"collection":[{"href":"https:\/\/www.vtestonarov.cz\/index.php\/wp-json\/wp\/v2\/posts"}],"about":[{"href":"https:\/\/www.vtestonarov.cz\/index.php\/wp-json\/wp\/v2\/types\/post"}],"author":[{"embeddable":true,"href":"https:\/\/www.vtestonarov.cz\/index.php\/wp-json\/wp\/v2\/users\/2"}],"replies":[{"embeddable":true,"href":"https:\/\/www.vtestonarov.cz\/index.php\/wp-json\/wp\/v2\/comments?post=328"}],"version-history":[{"count":1,"href":"https:\/\/www.vtestonarov.cz\/index.php\/wp-json\/wp\/v2\/posts\/328\/revisions"}],"predecessor-version":[{"id":332,"href":"https:\/\/www.vtestonarov.cz\/index.php\/wp-json\/wp\/v2\/posts\/328\/revisions\/332"}],"wp:featuredmedia":[{"embeddable":true,"href":"https:\/\/www.vtestonarov.cz\/index.php\/wp-json\/wp\/v2\/media\/331"}],"wp:attachment":[{"href":"https:\/\/www.vtestonarov.cz\/index.php\/wp-json\/wp\/v2\/media?parent=328"}],"wp:term":[{"taxonomy":"category","embeddable":true,"href":"https:\/\/www.vtestonarov.cz\/index.php\/wp-json\/wp\/v2\/categories?post=328"},{"taxonomy":"post_tag","embeddable":true,"href":"https:\/\/www.vtestonarov.cz\/index.php\/wp-json\/wp\/v2\/tags?post=328"}],"curies":[{"name":"wp","href":"https:\/\/api.w.org\/{rel}","templated":true}]}}