{"id":338,"date":"2025-08-28T22:35:00","date_gmt":"2025-08-28T22:35:00","guid":{"rendered":"https:\/\/www.vtestonarov.cz\/?p=338"},"modified":"2025-09-03T22:38:02","modified_gmt":"2025-09-03T22:38:02","slug":"reakce-mistostarostky-na-zadost-o-uverejneni-odpovedi-ve-stonarovskem-zpravodaji","status":"publish","type":"post","link":"https:\/\/www.vtestonarov.cz\/index.php\/2025\/08\/28\/reakce-mistostarostky-na-zadost-o-uverejneni-odpovedi-ve-stonarovskem-zpravodaji\/","title":{"rendered":"Reakce m\u00edstostarostky na \u017e\u00e1dost o uve\u0159ejn\u011bn\u00ed odpov\u011bdi ve Stona\u0159ovsk\u00e9m zpravodaji"},"content":{"rendered":"\n<p>V\u00e1\u017een\u00ed spoluob\u010dan\u00e9 a kamar\u00e1di,<\/p>\n\n\n\n<p>p\u0159ed ned\u00e1vnem jsme V\u00e1s informovali o na\u0161\u00ed reakci na \u010dl\u00e1nek Slovo starosty v posledn\u00edm zpravodaji. Tuto na\u0161i reakci jsme zaslali na veden\u00ed obce s po\u017eadavkem na zve\u0159ejn\u011bn\u00ed v nadch\u00e1zej\u00edc\u00edm vyd\u00e1n\u00ed zpravodaje.<\/p>\n\n\n\n<p>Odpov\u011b\u010f na\u0161\u00ed m\u00edstostarostky, pan\u00ed Vostalov\u00e9, n\u00e1s v podstat\u011b nep\u0159ekvapila a n\u00ed\u017ee V\u00e1m ji p\u0159ikl\u00e1d\u00e1me.<img loading=\"lazy\" decoding=\"async\" height=\"16\" width=\"16\" alt=\"\ud83e\udd37\u200d\u2642\ufe0f\" src=\"https:\/\/static.xx.fbcdn.net\/images\/emoji.php\/v9\/te5\/1\/16\/1f937_200d_2642.png\"><img loading=\"lazy\" decoding=\"async\" height=\"16\" width=\"16\" alt=\"\ud83d\udcdd\" src=\"https:\/\/static.xx.fbcdn.net\/images\/emoji.php\/v9\/tcc\/1\/16\/1f4dd.png\"><\/p>\n\n\n\n<p>V\u011b\u0159\u00edme, \u017ee se ob\u010dan\u00e9 p\u0159i p\u0159\u00ed\u0161t\u00edch volb\u00e1ch zamysl\u00ed nad dal\u0161\u00edm p\u016fsoben\u00edm zastupitel\u016f, kte\u0159\u00ed ve ve\u0159ejn\u00e9m, v\u0161emi ob\u010dany placen\u00e9m tisku naz\u00fdvaj\u00ed <a><\/a>spoluob\u010dany aktivisty, placen\u00fdmi \u017eold\u00e1ky, osobami s\u00e1paj\u00edc\u00edmi se na jak\u00fdsi pomysln\u00fd tr\u016fn atd., svaluj\u00ed na n\u011b vinu za sv\u00e1 vlastn\u00ed pochyben\u00ed a nedaj\u00ed jim mo\u017enost reagovat, p\u0159esto\u017ee jsou takto oso\u010dov\u00e1ni.<img loading=\"lazy\" decoding=\"async\" height=\"16\" width=\"16\" alt=\"\ud83e\udd14\" src=\"https:\/\/static.xx.fbcdn.net\/images\/emoji.php\/v9\/t34\/1\/16\/1f914.png\"><\/p>\n\n\n\n<figure class=\"wp-block-image size-full\"><img loading=\"lazy\" decoding=\"async\" width=\"514\" height=\"600\" src=\"https:\/\/www.vtestonarov.cz\/wp-content\/uploads\/2025\/09\/reakce-mistostarostky.jpg\" alt=\"\" class=\"wp-image-339\" srcset=\"https:\/\/www.vtestonarov.cz\/wp-content\/uploads\/2025\/09\/reakce-mistostarostky.jpg 514w, https:\/\/www.vtestonarov.cz\/wp-content\/uploads\/2025\/09\/reakce-mistostarostky-257x300.jpg 257w\" sizes=\"auto, (max-width: 514px) 100vw, 514px\" \/><\/figure>\n","protected":false},"excerpt":{"rendered":"<p>V\u00e1\u017een\u00ed spoluob\u010dan\u00e9 a kamar\u00e1di, p\u0159ed ned\u00e1vnem jsme V\u00e1s informovali o na\u0161\u00ed reakci na \u010dl\u00e1nek Slovo starosty v posledn\u00edm zpravodaji. Tuto<\/p>\n","protected":false},"author":2,"featured_media":160,"comment_status":"open","ping_status":"open","sticky":false,"template":"","format":"standard","meta":{"footnotes":""},"categories":[1],"tags":[],"class_list":["post-338","post","type-post","status-publish","format-standard","has-post-thumbnail","hentry","category-uncategorized"],"_links":{"self":[{"href":"https:\/\/www.vtestonarov.cz\/index.php\/wp-json\/wp\/v2\/posts\/338","targetHints":{"allow":["GET"]}}],"collection":[{"href":"https:\/\/www.vtestonarov.cz\/index.php\/wp-json\/wp\/v2\/posts"}],"about":[{"href":"https:\/\/www.vtestonarov.cz\/index.php\/wp-json\/wp\/v2\/types\/post"}],"author":[{"embeddable":true,"href":"https:\/\/www.vtestonarov.cz\/index.php\/wp-json\/wp\/v2\/users\/2"}],"replies":[{"embeddable":true,"href":"https:\/\/www.vtestonarov.cz\/index.php\/wp-json\/wp\/v2\/comments?post=338"}],"version-history":[{"count":1,"href":"https:\/\/www.vtestonarov.cz\/index.php\/wp-json\/wp\/v2\/posts\/338\/revisions"}],"predecessor-version":[{"id":340,"href":"https:\/\/www.vtestonarov.cz\/index.php\/wp-json\/wp\/v2\/posts\/338\/revisions\/340"}],"wp:featuredmedia":[{"embeddable":true,"href":"https:\/\/www.vtestonarov.cz\/index.php\/wp-json\/wp\/v2\/media\/160"}],"wp:attachment":[{"href":"https:\/\/www.vtestonarov.cz\/index.php\/wp-json\/wp\/v2\/media?parent=338"}],"wp:term":[{"taxonomy":"category","embeddable":true,"href":"https:\/\/www.vtestonarov.cz\/index.php\/wp-json\/wp\/v2\/categories?post=338"},{"taxonomy":"post_tag","embeddable":true,"href":"https:\/\/www.vtestonarov.cz\/index.php\/wp-json\/wp\/v2\/tags?post=338"}],"curies":[{"name":"wp","href":"https:\/\/api.w.org\/{rel}","templated":true}]}}