{"id":93,"date":"2025-02-12T12:56:56","date_gmt":"2025-02-12T12:56:56","guid":{"rendered":"https:\/\/www.vtestonarov.cz\/?p=93"},"modified":"2025-02-12T12:59:29","modified_gmt":"2025-02-12T12:59:29","slug":"zvukove-vlivy-vetrnych-elektraren","status":"publish","type":"post","link":"https:\/\/www.vtestonarov.cz\/index.php\/2025\/02\/12\/zvukove-vlivy-vetrnych-elektraren\/","title":{"rendered":"Zvukov\u00e9 vlivy v\u011btrn\u00fdch elektr\u00e1ren"},"content":{"rendered":"\n<p>Z v\u011btrn\u00fdch elektr\u00e1ren v provozu se m\u016f\u017ee \u0161\u00ed\u0159it infrazvuk, tedy zvuk s frekvenc\u00ed ni\u017e\u0161\u00ed ne\u017e 20 Hz. Zpravidla je pro lidsk\u00e9 ucho nesly\u0161iteln\u00fd, p\u0159esto m\u016f\u017ee m\u00edt na \u010dlov\u011bka vliv. Studi\u00ed v t\u00e9to oblasti je m\u00e1lo a ve sv\u00fdch z\u00e1v\u011brech se rozch\u00e1zej\u00ed. Nelze tedy jednozna\u010dn\u011b potvrdit, ale bohu\u017eel ani vyvr\u00e1tit, \u017ee infrazvuk z VTE p\u016fsob\u00ed negativn\u011b na lidsk\u00e9 zdrav\u00ed, zvl\u00e1\u0161t\u011b pokud se elektr\u00e1rny nach\u00e1zej\u00ed p\u0159\u00edli\u0161 bl\u00edzko obydlen\u00fdch oblast\u00ed (nav\u00edc ve sm\u011bru proti obvykl\u00e9mu sm\u011bru v\u011btru). N\u00ed\u017ee uv\u00e1d\u00edme <a><\/a>odkazy na v\u00fdsledky finsk\u00e9 studie (v angli\u010dtin\u011b i v \u010de\u0161tin\u011b) proveden\u00e9 Finskou asociac\u00ed pro environment\u00e1ln\u00ed zdrav\u00ed (SYTe, 2016) a tak\u00e9 z\u00e1v\u011bry studie Bavorsk\u00e9ho zemsk\u00e9ho \u00fa\u0159adu pro \u017eivotn\u00ed prost\u0159ed\u00ed (2016). Zaj\u00edmav\u00fd je poznatek finsk\u00e9 studie, \u017ee si lid\u00e9 mo\u017en\u00e1 jen neuv\u011bdomuj\u00ed, \u017ee n\u011bkter\u00e9 jejich obt\u00ed\u017ee mohou souviset pr\u00e1v\u011b s \u010dinnost\u00ed VTE.<\/p>\n\n\n\n<p><img loading=\"lazy\" decoding=\"async\" height=\"16\" width=\"16\" alt=\"\ud83d\udc49\" src=\"https:\/\/static.xx.fbcdn.net\/images\/emoji.php\/v9\/t51\/1\/16\/1f449.png\">Z finsk\u00e9ho dokumentu:<\/p>\n\n\n\n<p>\u201eStudie ukazuje, \u017ee \u0161kody zp\u016fsoben\u00e9 infrazvukem z VTE se v\u00fdrazn\u011b sn\u00ed\u017e\u00ed a\u017e ve vzd\u00e1lenosti v\u011bt\u0161\u00ed ne\u017e 15 kilometr\u016f od v\u011btrn\u00fdch turb\u00edn.\u201c<\/p>\n\n\n\n<p><img loading=\"lazy\" decoding=\"async\" height=\"16\" width=\"16\" alt=\"\ud83d\udc49\" src=\"https:\/\/static.xx.fbcdn.net\/images\/emoji.php\/v9\/t51\/1\/16\/1f449.png\">Z n\u011bmeck\u00e9ho dokumentu:<\/p>\n\n\n\n<p>\u201eO dopadech dlouhodob\u00e9ho vystaven\u00ed \u010dlov\u011bka infrazvuku z v\u011btrn\u00fdch turb\u00edn neexistuj\u00ed v sou\u010dasn\u00e9 dob\u011b ani empirick\u00e9 v\u00fdsledky ani komplexn\u00ed progn\u00f3zy. Vzhledem ke v\u0161udyp\u0159\u00edtomn\u00e9mu p\u0159irozen\u00e9mu zat\u00ed\u017een\u00ed prost\u0159ed\u00ed \u010dlov\u011bka infrazvukem je v\u0161ak pravd\u011bpodobn\u00e9, \u017ee t\u00edm, \u017ee se k n\u011bmu p\u0159id\u00e1 je\u0161t\u011b minim\u00e1ln\u00ed zat\u00ed\u017een\u00ed infrazvukem z v\u011btrn\u00fdch turb\u00edn, nenastanou ani dlouhodob\u011b \u017e\u00e1dn\u00e9 ne\u017e\u00e1douc\u00ed \u00fa\u010dinky na zdrav\u00ed.\u201c<\/p>\n\n\n\n<p>Zdroje:<\/p>\n\n\n\n<p><a href=\"https:\/\/syte.fi\/...\/2019\/01\/syte-pilot-study-2016-2.pdf\">https:\/\/syte.fi\/&#8230;\/2019\/01\/syte-pilot-study-2016-2.pdf<\/a><\/p>\n\n\n\n<p><a href=\"https:\/\/2ac096cacd.clvaw-cdnwnd.com\/...\/syte-pilot-study...\">https:\/\/2ac096cacd.clvaw-cdnwnd.com\/&#8230;\/syte-pilot-study&#8230;<\/a><\/p>\n\n\n\n<p><a href=\"https:\/\/www.czwea.cz\/...\/2016_BLFU_Windkraft-Infraschall...\">https:\/\/www.czwea.cz\/&#8230;\/2016_BLFU_Windkraft-Infraschall&#8230;<\/a><\/p>\n\n\n<div class=\"wp-block-image\">\n<figure class=\"aligncenter size-full is-resized\"><img loading=\"lazy\" decoding=\"async\" width=\"628\" height=\"250\" src=\"https:\/\/www.vtestonarov.cz\/wp-content\/uploads\/2025\/02\/475587597_122099003606766999_9061290216822605751_n.jpg\" alt=\"\" class=\"wp-image-94\" style=\"width:880px;height:auto\" srcset=\"https:\/\/www.vtestonarov.cz\/wp-content\/uploads\/2025\/02\/475587597_122099003606766999_9061290216822605751_n.jpg 628w, https:\/\/www.vtestonarov.cz\/wp-content\/uploads\/2025\/02\/475587597_122099003606766999_9061290216822605751_n-300x119.jpg 300w\" sizes=\"auto, (max-width: 628px) 100vw, 628px\" \/><\/figure>\n<\/div>\n\n\n<p><a href=\"https:\/\/www.facebook.com\/photo\/?fbid=122099003600766999&amp;set=a.122094414314766999&amp;__cft__[0]=AZVAjqR96hUd9sTWnKonBLTtynO_hzbzvSGIqioyBZUbMmCulRc2P8w9TaF5slZvwgDKb-0tnXgm3HwBIxIotqTnPN5VRKQE1Wr4YJCzkxA_tUwQVdIgZe2GC5b-GiI3ctenyPqpQJgqmFDN7gbponPUVdhCWMSDQqc9XwnBqHj2zw&amp;__tn__=EH-R\"><\/a><\/p>\n","protected":false},"excerpt":{"rendered":"<p>Z v\u011btrn\u00fdch elektr\u00e1ren v provozu se m\u016f\u017ee \u0161\u00ed\u0159it infrazvuk, tedy zvuk s frekvenc\u00ed ni\u017e\u0161\u00ed ne\u017e 20 Hz. Zpravidla je pro<\/p>\n","protected":false},"author":2,"featured_media":94,"comment_status":"open","ping_status":"open","sticky":false,"template":"","format":"standard","meta":{"footnotes":""},"categories":[9],"tags":[],"class_list":["post-93","post","type-post","status-publish","format-standard","has-post-thumbnail","hentry","category-vlivy"],"_links":{"self":[{"href":"https:\/\/www.vtestonarov.cz\/index.php\/wp-json\/wp\/v2\/posts\/93","targetHints":{"allow":["GET"]}}],"collection":[{"href":"https:\/\/www.vtestonarov.cz\/index.php\/wp-json\/wp\/v2\/posts"}],"about":[{"href":"https:\/\/www.vtestonarov.cz\/index.php\/wp-json\/wp\/v2\/types\/post"}],"author":[{"embeddable":true,"href":"https:\/\/www.vtestonarov.cz\/index.php\/wp-json\/wp\/v2\/users\/2"}],"replies":[{"embeddable":true,"href":"https:\/\/www.vtestonarov.cz\/index.php\/wp-json\/wp\/v2\/comments?post=93"}],"version-history":[{"count":2,"href":"https:\/\/www.vtestonarov.cz\/index.php\/wp-json\/wp\/v2\/posts\/93\/revisions"}],"predecessor-version":[{"id":99,"href":"https:\/\/www.vtestonarov.cz\/index.php\/wp-json\/wp\/v2\/posts\/93\/revisions\/99"}],"wp:featuredmedia":[{"embeddable":true,"href":"https:\/\/www.vtestonarov.cz\/index.php\/wp-json\/wp\/v2\/media\/94"}],"wp:attachment":[{"href":"https:\/\/www.vtestonarov.cz\/index.php\/wp-json\/wp\/v2\/media?parent=93"}],"wp:term":[{"taxonomy":"category","embeddable":true,"href":"https:\/\/www.vtestonarov.cz\/index.php\/wp-json\/wp\/v2\/categories?post=93"},{"taxonomy":"post_tag","embeddable":true,"href":"https:\/\/www.vtestonarov.cz\/index.php\/wp-json\/wp\/v2\/tags?post=93"}],"curies":[{"name":"wp","href":"https:\/\/api.w.org\/{rel}","templated":true}]}}