{"id":96,"date":"2025-02-12T12:58:43","date_gmt":"2025-02-12T12:58:43","guid":{"rendered":"https:\/\/www.vtestonarov.cz\/?p=96"},"modified":"2025-02-12T12:58:53","modified_gmt":"2025-02-12T12:58:53","slug":"vetrne-elektrarny-a-infrazvuk","status":"publish","type":"post","link":"https:\/\/www.vtestonarov.cz\/index.php\/2025\/02\/12\/vetrne-elektrarny-a-infrazvuk\/","title":{"rendered":"V\u011btrn\u00e9 elektr\u00e1rny a infrazvuk"},"content":{"rendered":"\n<p>Rozporupln\u00e9 z\u00e1v\u011bry ve v\u011bci \u00fa\u010dink\u016f infrazvuku z VTE na lidsk\u00e9 zdrav\u00ed lze sledovat i v jednotliv\u00fdch dokumentech St\u00e1tn\u00edho zdravotn\u00edho \u00fastavu, kter\u00e9 naleznete v p\u0159ipojen\u00fdch odkazech. Polo\u017ete si tedy ka\u017ed\u00fd ot\u00e1zku: Je rozumn\u011bj\u0161\u00ed s negativn\u00edmi vlivy infrazvuku v rozhodovac\u00edm procesu po\u010d\u00edtat, \u010di bez pochyb kalkulovat s t\u00edm, \u017ee nastat nemohou?<\/p>\n\n\n\n<p><img loading=\"lazy\" decoding=\"async\" height=\"16\" width=\"16\" alt=\"\ud83d\udc49\" src=\"https:\/\/static.xx.fbcdn.net\/images\/emoji.php\/v9\/t51\/1\/16\/1f449.png\">\u201eVliv n\u00edzkofrekven\u010dn\u00edho zvuku a infrazvuku z VE na ru\u0161en\u00ed sp\u00e1nku byl zkoum\u00e1n ve studii autor\u016f Laata a kol. (19) a v laboratorn\u00edm pokusu <a><\/a>Marshalla a kol. (20). V\u00fdsledky jsou op\u011bt nejednozna\u010dn\u00e9, prvn\u00ed uveden\u00fd pramen vztah s ru\u0161en\u00edm sp\u00e1nku potvrdil, druh\u00fd ne.\u201c<\/p>\n\n\n\n<p><img loading=\"lazy\" decoding=\"async\" height=\"16\" width=\"16\" alt=\"\ud83d\udc49\" src=\"https:\/\/static.xx.fbcdn.net\/images\/emoji.php\/v9\/t51\/1\/16\/1f449.png\">\u201e\u00dadaje o zdravotn\u00edch d\u016fsledc\u00edch expozice infrazvuku nejsou jednotn\u00e9. Liter\u00e1rn\u00edch prameny nej\u010dast\u011bji ud\u00e1vaj\u00ed zdravotn\u00ed \u00fa\u010dinky infrazvuku jako obt\u011b\u017eov\u00e1n\u00ed a poruchy sp\u00e1nku. Dal\u0161\u00ed efekty jako \u00fanavnost, deprese, bolesti hlavy, poruchy rovnov\u00e1hy, bu\u0161en\u00ed srdce, zm\u011bny krevn\u00edho tlaku uv\u00e1d\u011bj\u00ed studie v\u011bt\u0161inou p\u0159i vysok\u00fdch ekvivalentn\u00edch hladin\u00e1ch akustick\u00e9ho tlaku okolo 100 dB (10). N\u011bkter\u00e9 pr\u00e1ce doch\u00e1zej\u00ed k z\u00e1v\u011bru, \u017ee infrazvuk nen\u00ed z\u00e1va\u017en\u011bj\u0161\u00ed noxou ne\u017e zvuky o vy\u0161\u0161\u00ed frekvenci (1). Existuj\u00ed i studie, kter\u00e9 neshledaly negativn\u00ed \u00fa\u010dinky infrazvuku na lidsk\u00e9 zdrav\u00ed. (10).\u201c<\/p>\n\n\n\n<p><a href=\"https:\/\/hygiena.szu.cz\/pdfs\/hyg\/2023\/04\/05.pdf\">https:\/\/hygiena.szu.cz\/pdfs\/hyg\/2023\/04\/05.pdf<\/a><\/p>\n\n\n\n<p><a href=\"https:\/\/archiv.szu.cz\/...\/chzp\/hluk\/vetrne_elektrarny.pdf\">https:\/\/archiv.szu.cz\/&#8230;\/chzp\/hluk\/vetrne_elektrarny.pdf<\/a><\/p>\n\n\n<div class=\"wp-block-image\">\n<figure class=\"aligncenter size-full is-resized\"><img loading=\"lazy\" decoding=\"async\" width=\"688\" height=\"392\" src=\"https:\/\/www.vtestonarov.cz\/wp-content\/uploads\/2025\/02\/476963166_122099001350766999_4282637106646691970_n.jpg\" alt=\"\" class=\"wp-image-97\" style=\"width:872px;height:auto\" srcset=\"https:\/\/www.vtestonarov.cz\/wp-content\/uploads\/2025\/02\/476963166_122099001350766999_4282637106646691970_n.jpg 688w, https:\/\/www.vtestonarov.cz\/wp-content\/uploads\/2025\/02\/476963166_122099001350766999_4282637106646691970_n-300x171.jpg 300w\" sizes=\"auto, (max-width: 688px) 100vw, 688px\" \/><\/figure>\n<\/div>","protected":false},"excerpt":{"rendered":"<p>Rozporupln\u00e9 z\u00e1v\u011bry ve v\u011bci \u00fa\u010dink\u016f infrazvuku z VTE na lidsk\u00e9 zdrav\u00ed lze sledovat i v jednotliv\u00fdch dokumentech St\u00e1tn\u00edho zdravotn\u00edho \u00fastavu,<\/p>\n","protected":false},"author":2,"featured_media":97,"comment_status":"open","ping_status":"open","sticky":false,"template":"","format":"standard","meta":{"footnotes":""},"categories":[9],"tags":[],"class_list":["post-96","post","type-post","status-publish","format-standard","has-post-thumbnail","hentry","category-vlivy"],"_links":{"self":[{"href":"https:\/\/www.vtestonarov.cz\/index.php\/wp-json\/wp\/v2\/posts\/96","targetHints":{"allow":["GET"]}}],"collection":[{"href":"https:\/\/www.vtestonarov.cz\/index.php\/wp-json\/wp\/v2\/posts"}],"about":[{"href":"https:\/\/www.vtestonarov.cz\/index.php\/wp-json\/wp\/v2\/types\/post"}],"author":[{"embeddable":true,"href":"https:\/\/www.vtestonarov.cz\/index.php\/wp-json\/wp\/v2\/users\/2"}],"replies":[{"embeddable":true,"href":"https:\/\/www.vtestonarov.cz\/index.php\/wp-json\/wp\/v2\/comments?post=96"}],"version-history":[{"count":1,"href":"https:\/\/www.vtestonarov.cz\/index.php\/wp-json\/wp\/v2\/posts\/96\/revisions"}],"predecessor-version":[{"id":98,"href":"https:\/\/www.vtestonarov.cz\/index.php\/wp-json\/wp\/v2\/posts\/96\/revisions\/98"}],"wp:featuredmedia":[{"embeddable":true,"href":"https:\/\/www.vtestonarov.cz\/index.php\/wp-json\/wp\/v2\/media\/97"}],"wp:attachment":[{"href":"https:\/\/www.vtestonarov.cz\/index.php\/wp-json\/wp\/v2\/media?parent=96"}],"wp:term":[{"taxonomy":"category","embeddable":true,"href":"https:\/\/www.vtestonarov.cz\/index.php\/wp-json\/wp\/v2\/categories?post=96"},{"taxonomy":"post_tag","embeddable":true,"href":"https:\/\/www.vtestonarov.cz\/index.php\/wp-json\/wp\/v2\/tags?post=96"}],"curies":[{"name":"wp","href":"https:\/\/api.w.org\/{rel}","templated":true}]}}